{"id":9091,"date":"2011-05-01T10:31:25","date_gmt":"2011-05-01T08:31:25","guid":{"rendered":"http:\/\/www.au-pays-des-merveilles.com\/blog\/?p=9091"},"modified":"2019-03-22T17:17:23","modified_gmt":"2019-03-22T15:17:23","slug":"avril-2011-p-365","status":"publish","type":"post","link":"https:\/\/www.au-pays-des-merveilles.com\/blog\/2011\/05\/01\/avril-2011-p-365\/","title":{"rendered":"Avril 2011 {P 365}"},"content":{"rendered":"<p><a href=\"https:\/\/www.au-pays-des-merveilles.com\/blog\/wp-content\/uploads\/2011\/05\/Avril-collage.jpg\"><img loading=\"lazy\" decoding=\"async\" style=\"background-image: none; margin: 15px auto; padding-left: 0px; padding-right: 0px; display: block; float: none; padding-top: 0px; border: 0px;\" title=\"Avril collage\" src=\"https:\/\/www.au-pays-des-merveilles.com\/blog\/wp-content\/uploads\/2011\/05\/Avril-collage_thumb.jpg\" border=\"0\" alt=\"Avril collage\" width=\"720\" height=\"600\" \/><\/a><\/p>\n<p style=\"text-align: justify;\">4 mois d\u00e9j\u00e0 ! vous vous rendez compte ?! le temps passe tellement vite ! On a \u00e9t\u00e9 g\u00e2t\u00e9 pour ce mois d\u2019Avril, beaucoup de beau temps, beaucoup de photos ensoleill\u00e9es. Cette fois ci, j\u2019ai fait un peu plus de photos avec l\u2019Iphone. J\u2019ai re\u00e7u mon <a rel=\"nofollow\" href=\"http:\/\/www.cachemireetsoie.fr\/2011\/04\/20\/lherbier-des-buttes-chaumont\/\">nouveau joujou<\/a>, c\u2019est d\u00e9ment ! Bon alors en revanche, il ne faut pas avoir la polio sinon c\u2019est tout flou ! Mais le r\u00e9sultat reste bluffant. Et sinon, j\u2019ai remis \u00e0 jour ma page en changeant de plugin parce que la galerie Windows Live commen\u00e7ait s\u00e9rieusement \u00e0 ramer et \u00e0 m\u2019agacer ! Si \u00e7a vous int\u00e9resse, j\u2019utilise <a rel=\"nofollow\" href=\"http:\/\/wordpress.org\/extend\/plugins\/flickr-gallery\/\">Flickr Gallery<\/a>. J\u2019en ai essay\u00e9 plusieurs. Pour l\u2019instant, celui-ci me convient tr\u00e8s bien et il est tr\u00e8s tr\u00e8s simple ! A tr\u00e8s vite pour de nouvelles aventures !<\/p>\n<p style=\"text-align: justify;\"><em><strong>Joyeux 1er Mai ! <\/strong><\/em><\/p>\n<p style=\"text-align: justify;\"><a rel=\"nofollow\" href=\"http:\/\/www.flickr.com\/groups\/2011-en-photos\/\">2011 en photos<\/a><\/p>\n","protected":false},"excerpt":{"rendered":"<p>4 mois d\u00e9j\u00e0 ! vous vous rendez compte ?! le temps passe tellement vite ! On a \u00e9t\u00e9 g\u00e2t\u00e9 pour ce mois d\u2019Avril, beaucoup de beau temps, beaucoup de photos ensoleill\u00e9es. Cette fois ci, j\u2019ai fait un peu plus de photos avec l\u2019Iphone. J\u2019ai re\u00e7u mon nouveau joujou, c\u2019est d\u00e9ment ! Bon alors en revanche,<\/p>\n","protected":false},"author":1,"featured_media":0,"comment_status":"open","ping_status":"open","sticky":false,"template":"","format":"standard","meta":{"footnotes":""},"categories":[353,26],"tags":[352,354,195],"class_list":["post-9091","post","type-post","status-publish","format-standard","hentry","category-defi-photo-p365","category-photography","tag-flickr","tag-p365","tag-photo"],"_links":{"self":[{"href":"https:\/\/www.au-pays-des-merveilles.com\/blog\/wp-json\/wp\/v2\/posts\/9091","targetHints":{"allow":["GET"]}}],"collection":[{"href":"https:\/\/www.au-pays-des-merveilles.com\/blog\/wp-json\/wp\/v2\/posts"}],"about":[{"href":"https:\/\/www.au-pays-des-merveilles.com\/blog\/wp-json\/wp\/v2\/types\/post"}],"author":[{"embeddable":true,"href":"https:\/\/www.au-pays-des-merveilles.com\/blog\/wp-json\/wp\/v2\/users\/1"}],"replies":[{"embeddable":true,"href":"https:\/\/www.au-pays-des-merveilles.com\/blog\/wp-json\/wp\/v2\/comments?post=9091"}],"version-history":[{"count":0,"href":"https:\/\/www.au-pays-des-merveilles.com\/blog\/wp-json\/wp\/v2\/posts\/9091\/revisions"}],"wp:attachment":[{"href":"https:\/\/www.au-pays-des-merveilles.com\/blog\/wp-json\/wp\/v2\/media?parent=9091"}],"wp:term":[{"taxonomy":"category","embeddable":true,"href":"https:\/\/www.au-pays-des-merveilles.com\/blog\/wp-json\/wp\/v2\/categories?post=9091"},{"taxonomy":"post_tag","embeddable":true,"href":"https:\/\/www.au-pays-des-merveilles.com\/blog\/wp-json\/wp\/v2\/tags?post=9091"}],"curies":[{"name":"wp","href":"https:\/\/api.w.org\/{rel}","templated":true}]}}