{"id":9295,"date":"2011-05-24T14:59:54","date_gmt":"2011-05-24T12:59:54","guid":{"rendered":"http:\/\/www.au-pays-des-merveilles.com\/blog\/?p=9295"},"modified":"2019-03-22T17:17:22","modified_gmt":"2019-03-22T15:17:22","slug":"le-livre-de-saskia-tome-1-de-marie-pavlenko","status":"publish","type":"post","link":"https:\/\/www.au-pays-des-merveilles.com\/blog\/2011\/05\/24\/le-livre-de-saskia-tome-1-de-marie-pavlenko\/","title":{"rendered":"Le livre de Saskia (tome 1) de Marie Pavlenko"},"content":{"rendered":"<p style=\"text-align: justify;\"><a href=\"https:\/\/www.au-pays-des-merveilles.com\/blog\/wp-content\/uploads\/2011\/05\/image10.png\"><img loading=\"lazy\" decoding=\"async\" style=\"background-image: none; margin: 15px 23px 15px 0px; padding-left: 0px; padding-right: 0px; display: inline; float: left; padding-top: 0px; border: 0px;\" title=\"image\" src=\"https:\/\/www.au-pays-des-merveilles.com\/blog\/wp-content\/uploads\/2011\/05\/image_thumb9.png\" alt=\"image\" width=\"309\" height=\"484\" align=\"left\" border=\"0\" \/><\/a><\/p>\n<p style=\"text-align: justify;\">Je n\u2019ai jamais \u00e9t\u00e9 attir\u00e9e par les livres fantastiques. Les histoires de f\u00e9es, de magiciens, d\u2019elfes et autres personnages de livres Fantasy ne m\u2019int\u00e9ressent gu\u00e8re. Alors quand on m\u2019a propos\u00e9 de m\u2019envoyer ce livre et que j\u2019ai vu la couverture, je me suis dit que ce n\u2019\u00e9tait pas pour moi. Mais ma curiosit\u00e9 a \u00e9t\u00e9 plus grande quand j\u2019ai lu le synopsis.<\/p>\n<p style=\"text-align: justify;\">Saskia f\u00eate ses 18 ans et s&rsquo;appr\u00eate \u00e0 entrer en terminale, comme beaucoup de filles de son \u00e2ge. Seulement, le jour de son anniversaire, son quotidien vire au cauchemar, encha\u00eenant ph\u00e9nom\u00e8nes incongrus et rencontres \u00e9tranges. Quel secret rec\u00e8le la pierre qu&rsquo;elle porte au poignet depuis qu&rsquo;elle a \u00e9t\u00e9 trouv\u00e9e aux portes d&rsquo;un orphelinat, b\u00e9b\u00e9 ? Que lui veut Tod, myst\u00e9rieux gar\u00e7on qui la suit comme son ombre et ne se s\u00e9pare jamais de son coutelas ? Et Mara, jeune fille froide et distante, qui parle une langue inconnue ? Peu \u00e0 peu, Saskia plonge au coeur d&rsquo;un monde aussi fascinant que terrifiant, peupl\u00e9 de cr\u00e9atures ail\u00e9es, de magie, de combats mortels et de proph\u00e9ties troublantes. La voici embarqu\u00e9e dans une guerre s\u00e9culaire dont elle \u00e9tait loin de soup\u00e7onner l&rsquo;existence&#8230; Premier tome d&rsquo;une saga h\u00e9ro\u00efque, Le R\u00e9veil initie Saskia \u00e0 un univers enchant\u00e9 et singulier. Sa destin\u00e9e s&rsquo;accomplira-t-elle ?<\/p>\n<p style=\"text-align: justify;\">Le d\u00e9but m\u2019a fait penser \u00e0 un sc\u00e9nario de film et du coup je me suis plong\u00e9e dans cette lecture. Vous me croyez si je vous dis que je l\u2019ai lu presque d\u2019une traite tellement \u00e7a m\u2019a plu ?! Bon alors soyons bien clairs, ce livre fait partie de la litt\u00e9rature jeunesse donc la lecture est tr\u00e8s fluide et facile. Mais je trouve que c\u2019est dr\u00f4lement bien \u00e9crit et qu\u2019il convient aussi bien aux ados qu\u2019aux adultes. Marie Pavlenko nous tient en haleine jusqu\u2019\u00e0 la fin du livre. C\u2019est peut \u00eatre justement d\u00fb \u00e0 ses talents de sc\u00e9nariste.\u00a0 J\u2019ai tout de suite accroch\u00e9 avec les personnages. Ici il n\u2019y a pas d\u2019histoires de vampires \u00e0 la mode, mais des cr\u00e9atures invent\u00e9es par l\u2019auteure.\u00a0 Je suis tomb\u00e9e amoureuse de Tod, le beau brun si myst\u00e9rieux ! Amour, humour, \u00e9motion, rebondissements et magie sont au rendez-vous. Et alors originalit\u00e9 : l\u2019intrigue se d\u00e9roule en France ! Ca change !\u00a0 Je n\u2019ai qu\u2019une h\u00e2te maintenant c\u2019est que le deuxi\u00e8me tome sorte ! et viiiite ! Il me semble que ce sera pour le d\u00e9but de l\u2019ann\u00e9e prochaine.<\/p>\n<p style=\"text-align: justify;\">Merci Marie pour ce bel ouvrage \u2026 tu m\u2019as emmen\u00e9 au pays des merveilles !<\/p>\n<p style=\"text-align: justify;\"><em>Sur Amazon : <\/em><a href=\"http:\/\/www.amazon.fr\/gp\/product\/291975503X\/ref=as_li_ss_tl?ie=UTF8&amp;tag=aupaysdesmerv-21&amp;linkCode=as2&amp;camp=1642&amp;creative=19458&amp;creativeASIN=291975503X\"><em>Le Livre de Saskia &#8211; Tome 1 : Le R\u00e9veil<\/em><\/a><em><img loading=\"lazy\" decoding=\"async\" style=\"margin: 0px;\" src=\"http:\/\/www.assoc-amazon.fr\/e\/ir?t=&amp;l=as2&amp;o=8&amp;a=291975503X\" alt=\"\" width=\"1\" height=\"1\" border=\"0\" \/><\/em><\/p>\n","protected":false},"excerpt":{"rendered":"<p>Je n\u2019ai jamais \u00e9t\u00e9 attir\u00e9e par les livres fantastiques. Les histoires de f\u00e9es, de magiciens, d\u2019elfes et autres personnages de livres Fantasy ne m\u2019int\u00e9ressent gu\u00e8re. Alors quand on m\u2019a propos\u00e9 de m\u2019envoyer ce livre et que j\u2019ai vu la couverture, je me suis dit que ce n\u2019\u00e9tait pas pour moi. Mais ma curiosit\u00e9 a \u00e9t\u00e9<\/p>\n","protected":false},"author":1,"featured_media":0,"comment_status":"open","ping_status":"open","sticky":false,"template":"","format":"standard","meta":{"footnotes":""},"categories":[1696],"tags":[592,593,61],"class_list":["post-9295","post","type-post","status-publish","format-standard","hentry","category-livres","tag-book","tag-le-livre-de-saskia","tag-livre"],"_links":{"self":[{"href":"https:\/\/www.au-pays-des-merveilles.com\/blog\/wp-json\/wp\/v2\/posts\/9295","targetHints":{"allow":["GET"]}}],"collection":[{"href":"https:\/\/www.au-pays-des-merveilles.com\/blog\/wp-json\/wp\/v2\/posts"}],"about":[{"href":"https:\/\/www.au-pays-des-merveilles.com\/blog\/wp-json\/wp\/v2\/types\/post"}],"author":[{"embeddable":true,"href":"https:\/\/www.au-pays-des-merveilles.com\/blog\/wp-json\/wp\/v2\/users\/1"}],"replies":[{"embeddable":true,"href":"https:\/\/www.au-pays-des-merveilles.com\/blog\/wp-json\/wp\/v2\/comments?post=9295"}],"version-history":[{"count":0,"href":"https:\/\/www.au-pays-des-merveilles.com\/blog\/wp-json\/wp\/v2\/posts\/9295\/revisions"}],"wp:attachment":[{"href":"https:\/\/www.au-pays-des-merveilles.com\/blog\/wp-json\/wp\/v2\/media?parent=9295"}],"wp:term":[{"taxonomy":"category","embeddable":true,"href":"https:\/\/www.au-pays-des-merveilles.com\/blog\/wp-json\/wp\/v2\/categories?post=9295"},{"taxonomy":"post_tag","embeddable":true,"href":"https:\/\/www.au-pays-des-merveilles.com\/blog\/wp-json\/wp\/v2\/tags?post=9295"}],"curies":[{"name":"wp","href":"https:\/\/api.w.org\/{rel}","templated":true}]}}