{"id":9327,"date":"2011-05-28T00:00:18","date_gmt":"2011-05-27T22:00:18","guid":{"rendered":"http:\/\/www.au-pays-des-merveilles.com\/blog\/?p=9327"},"modified":"2019-04-28T12:16:29","modified_gmt":"2019-04-28T10:16:29","slug":"%e2%99%a1-les-liens-du-week-end-%e2%99%a1-30","status":"publish","type":"post","link":"https:\/\/www.au-pays-des-merveilles.com\/blog\/2011\/05\/28\/%e2%99%a1-les-liens-du-week-end-%e2%99%a1-30\/","title":{"rendered":"\u2661 Les liens du week-end \u2661 # 30"},"content":{"rendered":"<p><a href=\"https:\/\/www.au-pays-des-merveilles.com\/blog\/wp-content\/uploads\/2011\/05\/IMG_2191.jpg\"><img loading=\"lazy\" decoding=\"async\" style=\"background-image: none; margin: 15px auto; padding-left: 0px; padding-right: 0px; display: block; float: none; padding-top: 0px; border: 0px;\" title=\"IMG_2191\" src=\"https:\/\/www.au-pays-des-merveilles.com\/blog\/wp-content\/uploads\/2011\/05\/IMG_2191_thumb.jpg\" border=\"0\" alt=\"IMG_2191\" width=\"750\" height=\"504\" \/><\/a><\/p>\n<p style=\"text-align: center;\">Petit avant-go\u00fbt de mon travel trip \u00e0 <a rel=\"nofollow\" href=\"http:\/\/www.minorque.com\/\" class=\"broken_link\">Minorque<\/a> aux Bal\u00e9ares \u2026 <em>\u00e7a fait d\u00e9j\u00e0 une semaine *soupirs*. Je fais le tri dans mes photos et je vous raconte tout tr\u00e8s vite ! <\/em><\/p>\n<p style=\"text-align: center;\">&nbsp;<\/p>\n<p style=\"text-align: justify;\">&#x2665; <strong>LIVRES<\/strong> : en parlant de voyages, il y en a une qui est partie en vacances ! Du coup, ses lectrices lui ont propos\u00e9 une <a rel=\"nofollow\" href=\"http:\/\/www.cachemireetsoie.fr\/2011\/05\/26\/ciao-bella\/#comments\">s\u00e9lection de bouquins<\/a> et tout \u00e7a me tente pas mal. Ce week-end, je vais \u00e0 la FNAC !<\/p>\n<p style=\"text-align: justify;\">&#x2665; <strong>DIY<\/strong> : je suis dingue du <a rel=\"nofollow\" href=\"http:\/\/morning-by-foley.com\/2011\/05\/23\/crayon-tampon-et-petits-fanions\/\">crayon-tampon et petits fanions<\/a> propos\u00e9s par Foley !<\/p>\n<p style=\"text-align: justify;\">&#x2665; <strong>SHOPPING<\/strong> : quand j\u2019aurais renouvel\u00e9 tout mon matos photos, c\u2019est s\u00fbr, je me ferais plaisir avec un joli sac de chez <a rel=\"nofollow\" href=\"http:\/\/kellymoorebag.com\/\" class=\"broken_link\">Kelly Moore<\/a>.<\/p>\n<p style=\"text-align: justify;\">&#x2665; <strong>PHOTOS<\/strong> : hop pirouette vers le th\u00e8me photo avec les chouettes images de nos chers amis chez Sarah Beth.<\/p>\n<p style=\"text-align: justify;\">&#x2665; <strong>IPHONE<\/strong> : avec l\u2019ouverture de ma boutique Etsy, je (re)d\u00e9couvre les posts du <a rel=\"nofollow\" href=\"http:\/\/fr.etsy.com\/blog\/\" class=\"broken_link\">blog Etsy<\/a> (et accessoirement j\u2019y ai laiss\u00e9 un rein \u2026 ce site causera ma perte !) avec notamment <a rel=\"nofollow\" href=\"http:\/\/fr.etsy.com\/blog\/nos-applications-iphone-preferees\" class=\"broken_link\">les applis Iphone pr\u00e9f\u00e9r\u00e9es<\/a> ! j\u2019ai presque tout t\u00e9l\u00e9charg\u00e9 !<\/p>\n<p style=\"text-align: justify;\">Voil\u00e0 de quoi s\u2019occuper ce week-end ! Moi je vais encore un peu bidouiller le blog, j&rsquo;ai d\u00e9j\u00e0 commenc\u00e9 comme vous avez pu le constater &#8230; je me suis mise aux couleurs de l&rsquo;\u00e9t\u00e9 !<\/p>\n<p style=\"text-align: center;\"><em><strong>Bon week-end ! et Bonne F\u00eate \u00e0 toutes les mamans ! <\/strong><\/em><\/p>\n","protected":false},"excerpt":{"rendered":"<p>Petit avant-go\u00fbt de mon travel trip \u00e0 Minorque aux Bal\u00e9ares \u2026 \u00e7a fait d\u00e9j\u00e0 une semaine *soupirs*. Je fais le tri dans mes photos et je vous raconte tout tr\u00e8s vite ! &nbsp; &#x2665; LIVRES : en parlant de voyages, il y en a une qui est partie en vacances ! Du coup, ses lectrices<\/p>\n","protected":false},"author":1,"featured_media":0,"comment_status":"open","ping_status":"open","sticky":false,"template":"","format":"standard","meta":{"footnotes":""},"categories":[236],"tags":[1433,280,237,61,195,300,56],"class_list":["post-9327","post","type-post","status-publish","format-standard","hentry","category-les-liens-du-week-end","tag-diy","tag-iphone","tag-liens","tag-livre","tag-photo","tag-shopping","tag-week-end"],"_links":{"self":[{"href":"https:\/\/www.au-pays-des-merveilles.com\/blog\/wp-json\/wp\/v2\/posts\/9327","targetHints":{"allow":["GET"]}}],"collection":[{"href":"https:\/\/www.au-pays-des-merveilles.com\/blog\/wp-json\/wp\/v2\/posts"}],"about":[{"href":"https:\/\/www.au-pays-des-merveilles.com\/blog\/wp-json\/wp\/v2\/types\/post"}],"author":[{"embeddable":true,"href":"https:\/\/www.au-pays-des-merveilles.com\/blog\/wp-json\/wp\/v2\/users\/1"}],"replies":[{"embeddable":true,"href":"https:\/\/www.au-pays-des-merveilles.com\/blog\/wp-json\/wp\/v2\/comments?post=9327"}],"version-history":[{"count":0,"href":"https:\/\/www.au-pays-des-merveilles.com\/blog\/wp-json\/wp\/v2\/posts\/9327\/revisions"}],"wp:attachment":[{"href":"https:\/\/www.au-pays-des-merveilles.com\/blog\/wp-json\/wp\/v2\/media?parent=9327"}],"wp:term":[{"taxonomy":"category","embeddable":true,"href":"https:\/\/www.au-pays-des-merveilles.com\/blog\/wp-json\/wp\/v2\/categories?post=9327"},{"taxonomy":"post_tag","embeddable":true,"href":"https:\/\/www.au-pays-des-merveilles.com\/blog\/wp-json\/wp\/v2\/tags?post=9327"}],"curies":[{"name":"wp","href":"https:\/\/api.w.org\/{rel}","templated":true}]}}