{"id":9595,"date":"2011-06-09T08:01:30","date_gmt":"2011-06-09T06:01:30","guid":{"rendered":"http:\/\/www.au-pays-des-merveilles.com\/blog\/?p=9595"},"modified":"2019-06-23T15:27:58","modified_gmt":"2019-06-23T13:27:58","slug":"avoir-bonne-mine-sans-soleil","status":"publish","type":"post","link":"https:\/\/www.au-pays-des-merveilles.com\/blog\/2011\/06\/09\/avoir-bonne-mine-sans-soleil\/","title":{"rendered":"Avoir bonne mine sans soleil !"},"content":{"rendered":"<p style=\"text-align: justify;\"><a href=\"https:\/\/www.au-pays-des-merveilles.com\/blog\/wp-content\/uploads\/2011\/06\/bonnemine.jpg\"><img loading=\"lazy\" decoding=\"async\" style=\"background-image: none; margin: 15px auto; padding-left: 0px; padding-right: 0px; display: block; float: none; padding-top: 0px; border: 0px;\" title=\"bonnemine\" src=\"https:\/\/www.au-pays-des-merveilles.com\/blog\/wp-content\/uploads\/2011\/06\/bonnemine_thumb.jpg\" border=\"0\" alt=\"bonnemine\" width=\"470\" height=\"695\" \/><\/a><\/p>\n<p style=\"text-align: justify;\">Pas besoin d\u2019aller dans les iles ou dans le sud et de cramer au soleil pour avoir bonne mine ! Je n\u2019ai jamais eu autant bonne mine qu\u2019\u00e0 Paris ! Ha ha ! What is my secret ? C\u2019est simple, je choisis de bons produits (soins et make-up) faits pour les peaux sensibles et bien blanches (comme un <span style=\"text-decoration: line-through;\">cul<\/span> bidet). Voici donc ma routine beaut\u00e9 actuelle. Et vu que j\u2019ai attrap\u00e9 une belle allergie \u00e0 mon \u0153il gauche (ce sont les risques des bloggeuses beaut\u00e9 !), je ne mets QUE \u00e7a + mon mascara YSL et un peu de <a href=\"https:\/\/www.au-pays-des-merveilles.com\/blog\/2011\/04\/04\/rouge-eblouissant-shiseido\/\">rose sur les l\u00e8vres<\/a> ! Et bien, on n\u2019arr\u00eate pas de me demander si je reviens de vacances (pfff ! si seulement !). Bon alors, c\u2019est quoi ces produits magiques ?<\/p>\n<p style=\"text-align: justify;\"><span style=\"color: #ff8080;\">\u263c<\/span> je commence par une longue <strong>pulv\u00e9risation d\u2019eau thermale<\/strong> d\u2019AVENE pour r\u00e9veiller mon visage. Elle apaise ma peau s\u00e8che et procure une tr\u00e8s agr\u00e9able sensation de frais. Un indispensable m\u00eame l\u2019hiver !<\/p>\n<p style=\"text-align: justify;\"><span style=\"color: #ff8080;\">\u263c<\/span> j\u2019alterne entre le <strong>fluide Vinoperfect Perfection Eclat<\/strong> de Caudalie qui est capable de corriger \u00e0 la fois les irr\u00e9gularit\u00e9s cutan\u00e9es (pigmentation irr\u00e9guli\u00e8re, exc\u00e8s de s\u00e9bum \u2026) et d\u2019assurer les propri\u00e9t\u00e9s photo-correctrices d\u2019un fond de teint invisible. Le grain de peau est naturellement parfait, m\u00eame plus besoin de fond de teint pour cacher votre teint ! Un syst\u00e8me de filtres anti-UVA et UVB (IP15) compl\u00e8te la protection anti-taches. Baby skin assur\u00e9e !<\/p>\n<p style=\"text-align: justify;\">ou<\/p>\n<p style=\"text-align: justify;\">\u263c la <strong>cr\u00e8me Tol\u00e9rance Extr\u00eame<\/strong> AVENE : son syst\u00e8me D.E.F.I. (Dispositif Exclusif Formule Intacte) est top ! Son conditionnement unique et brevet\u00e9 permet de maintenir une formule st\u00e9rile tout au long de son utilisation. Fini les irritations et les rougeurs !<\/p>\n<p style=\"text-align: justify;\"><span style=\"color: #ff8080;\">\u263c<\/span> 2 \u00e0 3 fois par semaine, je me tartine de mon soin chouchou depuis un an : le <strong>soin autobronzant Teint Divin H\u00e2le Progressif<\/strong> de Caudalie. Je suis compl\u00e9tement addict \u00e0 ce soin. Il n\u2019y a aucune d\u00e9marcation, on ne se retrouve pas avec des traces oranges et vraiment vraiment (j\u2019insiste !), \u00e7a fait tr\u00e8s naturel !<\/p>\n<p style=\"text-align: justify;\"><span style=\"color: #ff8080;\">\u263c<\/span> enfin, pour le make-up, je ne mets plus de fond de teint depuis le d\u00e9but du printemps mais de <strong>la poudre bronzante<\/strong> et celle-ci est sigl\u00e9e <a rel=\"nofollow\" href=\"http:\/\/www.shiseido.fr\/#\/makeup\/shiseido-the-makeup\/face\/bronzer\">Shiseido<\/a>. Quand je l\u2019ai re\u00e7u et que j\u2019ai vu la couleur, je me suis dit oulala c\u2019est pas pour moi, je vais me retrouver avec des m\u00e9ga traces ! Que nenni ! Je l\u2019ai test\u00e9 (un dimanche !) et depuis je l\u2019utilise tous les jours ! Elle offre un h\u00e2le naturel. J\u2019ai la teinte Light. Je l\u2019applique par petites touches sur les zones \u00e0 illuminer du visage et tout de suite, on a l\u2019impression d\u2019\u00eatre revenue d\u2019un week-end \u00e0 la mer !<\/p>\n<p style=\"text-align: justify;\">Bon et si vraiment on ne peut pas faire autrement que d\u2019aller en week-end au soleil (dure la vie !), on peut opter pour ces deux petites merveilles :<\/p>\n<p style=\"text-align: justify;\"><a href=\"https:\/\/www.au-pays-des-merveilles.com\/blog\/wp-content\/uploads\/2011\/06\/bonnemine2.jpg\"><img loading=\"lazy\" decoding=\"async\" style=\"background-image: none; margin: 15px auto; padding-left: 0px; padding-right: 0px; display: block; float: none; padding-top: 0px; border: 0px;\" title=\"bonnemine2\" src=\"https:\/\/www.au-pays-des-merveilles.com\/blog\/wp-content\/uploads\/2011\/06\/bonnemine2_thumb.jpg\" border=\"0\" alt=\"bonnemine2\" width=\"670\" height=\"453\" \/><\/a><\/p>\n<p style=\"text-align: justify;\"><span style=\"color: #ff8080;\">\u263c<\/span> les <strong>lingettes dermatologiques Cr\u00e9aline H\u00b2O<\/strong> de <a rel=\"nofollow\" href=\"http:\/\/www.bioderma.com\/fr\/nc\/les-produits\/nouveautes\/category\/12.html\" class=\"broken_link\">Bioderma<\/a>. Je suis une adepte de la lotion micellaire Bioderma et quand je les ai vu dans ma parapharmacie, je les ai tout de suite adopt\u00e9 ! Le parfum de b\u00e9b\u00e9 de ces lingettes est compl\u00e8tement addictif et pour une fois, ma peau r\u00e9agit tr\u00e8s bien \u00e0 ce mode de d\u00e9maquillage. D\u2019habitude, j\u2019ai des rougeurs mais comme c\u2019\u00e9tait bien pratique dans la valise cabine (plus besoin de se trimballer avec tous ses flacons) je me disais tant pis, je ferais avec ! Et bien non maintenant limite quand j\u2019ai pas le temps le soir de me d\u00e9maquiller, je les utilise avec plaisir !<\/p>\n<p style=\"text-align: justify;\"><span style=\"color: #ff8080;\">\u263c<\/span> la <strong>cr\u00e8me solaire visage<\/strong> Florame <strong>Indice 50<\/strong> aux huiles v\u00e9g\u00e9tales bio et au Buriti bio : un indispensable pour moi qui ai une peau tr\u00e8s claire et en plus avec des taches de rousseur (la totale). Le parfum est particulier mais pas d\u00e9sagr\u00e9able non plus. La texture n\u2019est pas grasse, on ne brille pas et on est tr\u00e8s bien prot\u00e9g\u00e9. J\u2019ai vu la diff\u00e9rence quand j\u2019ai oubli\u00e9 de la mettre aux Bal\u00e9ares et que je me suis retrouv\u00e9e avec un joli pif tout rouge !<\/p>\n<p style=\"text-align: justify;\">Voil\u00e0, vous n\u2019avez plus d\u2019excuse grise mine d\u00e9sormais ! Et si vous avez vos secrets bonne mine vous aussi, je serais ravie de les apprendre ! Je ne r\u00e9p\u00e8terais pas, promis ! <span style=\"color: #ffff00;\">\u263c<\/span> <span style=\"color: #ffff00;\">\u263c<\/span> <span style=\"color: #ffff00;\">\u263c<\/span><\/p>\n","protected":false},"excerpt":{"rendered":"<p>Pas besoin d\u2019aller dans les iles ou dans le sud et de cramer au soleil pour avoir bonne mine ! Je n\u2019ai jamais eu autant bonne mine qu\u2019\u00e0 Paris ! Ha ha ! What is my secret ? C\u2019est simple, je choisis de bons produits (soins et make-up) faits pour les peaux sensibles et bien<\/p>\n","protected":false},"author":1,"featured_media":0,"comment_status":"open","ping_status":"open","sticky":false,"template":"","format":"standard","meta":{"footnotes":""},"categories":[6],"tags":[169,49,65,107,200,80,94,74],"class_list":["post-9595","post","type-post","status-publish","format-standard","hentry","category-beautiful-girl","tag-avene","tag-beaute","tag-caudalie","tag-creme","tag-make-up","tag-maquillage","tag-shiseido","tag-soins"],"_links":{"self":[{"href":"https:\/\/www.au-pays-des-merveilles.com\/blog\/wp-json\/wp\/v2\/posts\/9595","targetHints":{"allow":["GET"]}}],"collection":[{"href":"https:\/\/www.au-pays-des-merveilles.com\/blog\/wp-json\/wp\/v2\/posts"}],"about":[{"href":"https:\/\/www.au-pays-des-merveilles.com\/blog\/wp-json\/wp\/v2\/types\/post"}],"author":[{"embeddable":true,"href":"https:\/\/www.au-pays-des-merveilles.com\/blog\/wp-json\/wp\/v2\/users\/1"}],"replies":[{"embeddable":true,"href":"https:\/\/www.au-pays-des-merveilles.com\/blog\/wp-json\/wp\/v2\/comments?post=9595"}],"version-history":[{"count":0,"href":"https:\/\/www.au-pays-des-merveilles.com\/blog\/wp-json\/wp\/v2\/posts\/9595\/revisions"}],"wp:attachment":[{"href":"https:\/\/www.au-pays-des-merveilles.com\/blog\/wp-json\/wp\/v2\/media?parent=9595"}],"wp:term":[{"taxonomy":"category","embeddable":true,"href":"https:\/\/www.au-pays-des-merveilles.com\/blog\/wp-json\/wp\/v2\/categories?post=9595"},{"taxonomy":"post_tag","embeddable":true,"href":"https:\/\/www.au-pays-des-merveilles.com\/blog\/wp-json\/wp\/v2\/tags?post=9595"}],"curies":[{"name":"wp","href":"https:\/\/api.w.org\/{rel}","templated":true}]}}