{"id":9711,"date":"2011-06-21T09:00:21","date_gmt":"2011-06-21T07:00:21","guid":{"rendered":"http:\/\/www.au-pays-des-merveilles.com\/blog\/?p=9711"},"modified":"2019-06-23T15:27:59","modified_gmt":"2019-06-23T13:27:59","slug":"week-end-vendee-le-puy-du-fou","status":"publish","type":"post","link":"https:\/\/www.au-pays-des-merveilles.com\/blog\/2011\/06\/21\/week-end-vendee-le-puy-du-fou\/","title":{"rendered":"Un incroyable voyage dans le temps au Puy du Fou"},"content":{"rendered":"<p><a href=\"https:\/\/www.au-pays-des-merveilles.com\/blog\/wp-content\/uploads\/2011\/06\/61.jpg\"><img loading=\"lazy\" decoding=\"async\" style=\"background-image: none; margin: 15px auto; padding-left: 0px; padding-right: 0px; display: block; float: none; padding-top: 0px; border: 0px;\" title=\"6\" src=\"https:\/\/www.au-pays-des-merveilles.com\/blog\/wp-content\/uploads\/2011\/06\/6_thumb1.jpg\" alt=\"6\" width=\"754\" height=\"504\" border=\"0\" \/><\/a><\/p>\n<p style=\"text-align: justify;\">Il y a un peu plus d\u2019une semaine, j\u2019ai \u00e9t\u00e9 propuls\u00e9e, le temps d\u2019un week-end, chez les romains, les vikings, ou encore les chevaliers \u2026 J\u2019ai travers\u00e9 les si\u00e8cles dans un tourbillon de spectacles et d\u2019animations. Quel est ce pays magique ? une destination atypique : le Puy du Fou. A seulement 3 heures de Paris, vous pouvez assister \u00e0 une exp\u00e9rience rare, une plong\u00e9e dans l\u2019histoire. Le d\u00e9paysement est total.<\/p>\n<p style=\"text-align: justify;\">Bienvenue au Puy du Fou !<\/p>\n<p><a href=\"https:\/\/www.au-pays-des-merveilles.com\/blog\/wp-content\/uploads\/2011\/06\/24.jpg\"><img loading=\"lazy\" decoding=\"async\" style=\"background-image: none; margin: 15px auto; padding-left: 0px; padding-right: 0px; display: block; float: none; padding-top: 0px; border: 0px;\" title=\"24\" src=\"https:\/\/www.au-pays-des-merveilles.com\/blog\/wp-content\/uploads\/2011\/06\/24_thumb.jpg\" alt=\"24\" width=\"754\" height=\"504\" border=\"0\" \/><\/a><\/p>\n<p><!--more--><\/p>\n<p>&nbsp;<\/p>\n<p>Avec mon homme, nous avons pu profiter de deux jours d\u2019immersion dans ce parc de loisirs \u00e0 \u00eatre \u00e9poustoufl\u00e9s par la qualit\u00e9 des spectacles et des animations.<\/p>\n<p><a href=\"https:\/\/www.au-pays-des-merveilles.com\/blog\/wp-content\/uploads\/2011\/06\/71.jpg\"><img loading=\"lazy\" decoding=\"async\" style=\"background-image: none; margin: 15px auto; padding-left: 0px; padding-right: 0px; display: block; float: none; padding-top: 0px; border: 0px;\" title=\"7\" src=\"https:\/\/www.au-pays-des-merveilles.com\/blog\/wp-content\/uploads\/2011\/06\/7_thumb1.jpg\" alt=\"7\" width=\"754\" height=\"504\" border=\"0\" \/><\/a><\/p>\n<p style=\"text-align: justify;\">Depuis le 13 avril 2011, le Puy du Fou, 4\u00e8me parc \u00e0 th\u00e8me en France, a r\u00e9ouvert ses portes pour le plus grand plaisir des petits et des grands et a cr\u00e9\u00e9 l\u2019\u00e9v\u00e8nement en proposant un nouveau spectacle encore plus grandiose : <a rel=\"nofollow noopener\" href=\"http:\/\/www.puydufou.com\/presse#\/signe-triomphe\/\" target=\"_blank\" class=\"broken_link\">Le Signe du Triomphe<\/a>.\u00a0 35 minutes d\u2019euphorie \u00e0 admirer la repr\u00e9sentation dans les jeux du cirque o\u00f9 le peuple Gaulois se rebelle contre l\u2019occupant Romain dans le magnifique Stadium Gallo-Romain.<\/p>\n<p><a href=\"https:\/\/www.au-pays-des-merveilles.com\/blog\/wp-content\/uploads\/2011\/06\/81.jpg\"><img loading=\"lazy\" decoding=\"async\" style=\"background-image: none; margin: 15px auto; padding-left: 0px; padding-right: 0px; display: block; float: none; padding-top: 0px; border: 0px;\" title=\"8\" src=\"https:\/\/www.au-pays-des-merveilles.com\/blog\/wp-content\/uploads\/2011\/06\/8_thumb1.jpg\" alt=\"8\" width=\"754\" height=\"504\" border=\"0\" \/><\/a><\/p>\n<p style=\"text-align: justify;\">Combats de gladiateurs, courses de chars, attaques de fauves et parades d\u2019animaux exotiques, un gigantesque velum se d\u00e9ployant sur les visiteurs \u2026 tout est r\u00e9uni pour rendre le spectacle grandiose.<\/p>\n<p><a href=\"https:\/\/www.au-pays-des-merveilles.com\/blog\/wp-content\/uploads\/2011\/06\/9.jpg\"><img loading=\"lazy\" decoding=\"async\" style=\"background-image: none; margin: 15px auto; padding-left: 0px; padding-right: 0px; display: block; float: none; padding-top: 0px; border: 0px;\" title=\"9\" src=\"https:\/\/www.au-pays-des-merveilles.com\/blog\/wp-content\/uploads\/2011\/06\/9_thumb.jpg\" alt=\"9\" width=\"754\" height=\"504\" border=\"0\" \/><\/a><\/p>\n<p><a href=\"https:\/\/www.au-pays-des-merveilles.com\/blog\/wp-content\/uploads\/2011\/06\/10.jpg\"><img loading=\"lazy\" decoding=\"async\" style=\"background-image: none; margin: 15px auto; padding-left: 0px; padding-right: 0px; display: block; float: none; padding-top: 0px; border: 0px;\" title=\"10\" src=\"https:\/\/www.au-pays-des-merveilles.com\/blog\/wp-content\/uploads\/2011\/06\/10_thumb.jpg\" alt=\"10\" width=\"754\" height=\"504\" border=\"0\" \/><\/a><\/p>\n<p><a href=\"https:\/\/www.au-pays-des-merveilles.com\/blog\/wp-content\/uploads\/2011\/06\/11.jpg\"><img loading=\"lazy\" decoding=\"async\" style=\"background-image: none; margin: 15px auto; padding-left: 0px; padding-right: 0px; display: block; float: none; padding-top: 0px; border: 0px;\" title=\"11\" src=\"https:\/\/www.au-pays-des-merveilles.com\/blog\/wp-content\/uploads\/2011\/06\/11_thumb.jpg\" alt=\"11\" width=\"754\" height=\"504\" border=\"0\" \/><\/a><\/p>\n<p style=\"text-align: justify;\">Pour mettre en condition, il n\u2019y a pas mieux ! On continue les festivit\u00e9s avec les spectacles de jour et on en prend plein les mirettes ! <a rel=\"nofollow noopener\" href=\"http:\/\/www.puydufou.com\/presse#\/le-secret-de-la-lance\/\" target=\"_blank\" class=\"broken_link\">Le secret de la lance<\/a>, <a rel=\"nofollow noopener\" href=\"http:\/\/www.puydufou.com\/presse#\/les-vikings\/\" target=\"_blank\" class=\"broken_link\">les vikings<\/a>, <a rel=\"nofollow noopener\" href=\"http:\/\/www.puydufou.com\/presse#\/le-bal-des-oiseaux-fantomes\/\" target=\"_blank\" class=\"broken_link\">le bal des oiseaux fant\u00f4mes<\/a>, Mousquetaire de Richelieu \u2026 on ne s\u2019ennuie pas une seule seconde ! Je f\u00e9licite d\u2019ailleurs l\u2019organisation et les horaires des spectacles qui permettent de voir toutes les animations. Il n\u2019y a pas d\u2019attente, et \u00e7a c\u2019est un vrai plus !<\/p>\n<p><a href=\"https:\/\/www.au-pays-des-merveilles.com\/blog\/wp-content\/uploads\/2011\/06\/13.jpg\"><img loading=\"lazy\" decoding=\"async\" style=\"background-image: none; margin: 15px auto; padding-left: 0px; padding-right: 0px; display: block; float: none; padding-top: 0px; border: 0px;\" title=\"13\" src=\"https:\/\/www.au-pays-des-merveilles.com\/blog\/wp-content\/uploads\/2011\/06\/13_thumb.jpg\" alt=\"13\" width=\"754\" height=\"504\" border=\"0\" \/><\/a><\/p>\n<p><a href=\"https:\/\/www.au-pays-des-merveilles.com\/blog\/wp-content\/uploads\/2011\/06\/31.jpg\"><img loading=\"lazy\" decoding=\"async\" style=\"background-image: none; margin: 15px auto; padding-left: 0px; padding-right: 0px; display: block; float: none; padding-top: 0px; border: 0px;\" title=\"3\" src=\"https:\/\/www.au-pays-des-merveilles.com\/blog\/wp-content\/uploads\/2011\/06\/3_thumb1.jpg\" alt=\"3\" width=\"754\" height=\"504\" border=\"0\" \/><\/a><\/p>\n<p><a href=\"https:\/\/www.au-pays-des-merveilles.com\/blog\/wp-content\/uploads\/2011\/06\/41.jpg\"><img loading=\"lazy\" decoding=\"async\" style=\"background-image: none; margin: 15px auto; padding-left: 0px; padding-right: 0px; display: block; float: none; padding-top: 0px; border: 0px;\" title=\"4\" src=\"https:\/\/www.au-pays-des-merveilles.com\/blog\/wp-content\/uploads\/2011\/06\/4_thumb1.jpg\" alt=\"4\" width=\"754\" height=\"504\" border=\"0\" \/><\/a><\/p>\n<p><a href=\"https:\/\/www.au-pays-des-merveilles.com\/blog\/wp-content\/uploads\/2011\/06\/51.jpg\"><img loading=\"lazy\" decoding=\"async\" style=\"background-image: none; margin: 15px auto; padding-left: 0px; padding-right: 0px; display: block; float: none; padding-top: 0px; border: 0px;\" title=\"5\" src=\"https:\/\/www.au-pays-des-merveilles.com\/blog\/wp-content\/uploads\/2011\/06\/5_thumb1.jpg\" alt=\"5\" width=\"754\" height=\"504\" border=\"0\" \/><\/a><\/p>\n<p><a href=\"https:\/\/www.au-pays-des-merveilles.com\/blog\/wp-content\/uploads\/2011\/06\/69.jpg\"><img loading=\"lazy\" decoding=\"async\" style=\"background-image: none; margin: 15px auto; padding-left: 0px; padding-right: 0px; display: block; float: none; padding-top: 0px; border: 0px;\" title=\"69\" src=\"https:\/\/www.au-pays-des-merveilles.com\/blog\/wp-content\/uploads\/2011\/06\/69_thumb.jpg\" alt=\"69\" width=\"754\" height=\"566\" border=\"0\" \/><\/a><\/p>\n<p style=\"text-align: justify;\">Apr\u00e8s tout \u00e7a, j\u2019attendais avec impatience LE plus grand spectacle de nuit au monde : la <a rel=\"nofollow noopener\" href=\"http:\/\/www.puydufou.com\/#\/la-cinescenie\/\" target=\"_blank\" class=\"broken_link\">Cin\u00e9sc\u00e9nie<\/a>. Je ne sais pas si vous en avez d\u00e9j\u00e0 entendu parler. J\u2019avais vu un reportage dans le journal t\u00e9l\u00e9 il y a un petit moment et je ne pensais pas que c\u2019\u00e9tait aussi grandiose ! Je n\u2019avais encore jamais rien vu de tel !<\/p>\n<p><a href=\"https:\/\/www.au-pays-des-merveilles.com\/blog\/wp-content\/uploads\/2011\/06\/chateau.jpg\"><img loading=\"lazy\" decoding=\"async\" style=\"background-image: none; margin: 15px auto; padding-left: 0px; padding-right: 0px; display: block; float: none; padding-top: 0px; border: 0px;\" title=\"chateau\" src=\"https:\/\/www.au-pays-des-merveilles.com\/blog\/wp-content\/uploads\/2011\/06\/chateau_thumb.jpg\" alt=\"chateau\" width=\"754\" height=\"504\" border=\"0\" \/><\/a><\/p>\n<p style=\"text-align: justify;\">Ce spectacle pr\u00e9sente pendant pr\u00e8s de deux heures, 700 ans d\u2019histoire de France et de Vend\u00e9e \u00e0 travers une gigantesque fresque vivante. L\u2019action se d\u00e9roule sur une sc\u00e8ne de 23 hectares, la plus vaste du monde. Chaque repr\u00e9sentation r\u00e9unit 1200 com\u00e9diens, 120 cavaliers, 80 techniciens et 400 personnes pour l\u2019accueil et la s\u00e9curit\u00e9 du public. La Cin\u00e9sc\u00e9nie est incarn\u00e9e par plus de 3200 b\u00e9n\u00e9voles (contre 600 en 1978), \u00e9norme non ? Vous allez me dire mais comment faire pour que toutes ces personnes soient en synergie lors du spectacle ?! comment faire pour coordonner tout ce petit monde ? Et bien, nous avons pu acc\u00e9der aux coulisses juste avant la repr\u00e9sentation et on a pu voir que toutes ces personnes formaient des groupes qui ressemblaient \u00e0 des petits villages qui s\u2019affairaient \u00e0 s\u2019habiller, se maquiller pour le spectacle et \u00e9taient tr\u00e8s tr\u00e8s organis\u00e9 ! Je vous emm\u00e8ne ici dans la partie secr\u00e8te du Puy du Fou :<\/p>\n<p><a href=\"https:\/\/www.au-pays-des-merveilles.com\/blog\/wp-content\/uploads\/2011\/06\/15.jpg\"><img loading=\"lazy\" decoding=\"async\" style=\"background-image: none; margin: 15px auto; padding-left: 0px; padding-right: 0px; display: block; float: none; padding-top: 0px; border: 0px;\" title=\"15\" src=\"https:\/\/www.au-pays-des-merveilles.com\/blog\/wp-content\/uploads\/2011\/06\/15_thumb.jpg\" alt=\"15\" width=\"754\" height=\"504\" border=\"0\" \/><\/a><\/p>\n<p style=\"text-align: center;\"><em>l\u2019arri\u00e8re du ch\u00e2teau \u2026 celui par lequel tout est arriv\u00e9 !<\/em><\/p>\n<p><a href=\"https:\/\/www.au-pays-des-merveilles.com\/blog\/wp-content\/uploads\/2011\/06\/16.jpg\"><img loading=\"lazy\" decoding=\"async\" style=\"background-image: none; margin: 15px auto; padding-left: 0px; padding-right: 0px; display: block; float: none; padding-top: 0px; border: 0px;\" title=\"16\" src=\"https:\/\/www.au-pays-des-merveilles.com\/blog\/wp-content\/uploads\/2011\/06\/16_thumb.jpg\" alt=\"16\" width=\"754\" height=\"504\" border=\"0\" \/><\/a><\/p>\n<p><a href=\"https:\/\/www.au-pays-des-merveilles.com\/blog\/wp-content\/uploads\/2011\/06\/17.jpg\"><img loading=\"lazy\" decoding=\"async\" style=\"background-image: none; margin: 15px 0px; padding-left: 0px; padding-right: 0px; display: inline; padding-top: 0px; border: 0px;\" title=\"17\" src=\"https:\/\/www.au-pays-des-merveilles.com\/blog\/wp-content\/uploads\/2011\/06\/17_thumb.jpg\" alt=\"17\" width=\"364\" height=\"544\" border=\"0\" \/><\/a> <a href=\"https:\/\/www.au-pays-des-merveilles.com\/blog\/wp-content\/uploads\/2011\/06\/18.jpg\"><img loading=\"lazy\" decoding=\"async\" style=\"background-image: none; margin: 15px 0px; padding-left: 0px; padding-right: 0px; display: inline; padding-top: 0px; border: 0px;\" title=\"18\" src=\"https:\/\/www.au-pays-des-merveilles.com\/blog\/wp-content\/uploads\/2011\/06\/18_thumb.jpg\" alt=\"18\" width=\"364\" height=\"544\" border=\"0\" \/><\/a><\/p>\n<p style=\"text-align: center;\"><a href=\"https:\/\/www.au-pays-des-merveilles.com\/blog\/wp-content\/uploads\/2011\/06\/19.jpg\"><img loading=\"lazy\" decoding=\"async\" style=\"background-image: none; margin: 15px auto; padding-left: 0px; padding-right: 0px; display: block; float: none; padding-top: 0px; border: 0px;\" title=\"19\" src=\"https:\/\/www.au-pays-des-merveilles.com\/blog\/wp-content\/uploads\/2011\/06\/19_thumb.jpg\" alt=\"19\" width=\"754\" height=\"504\" border=\"0\" \/><\/a><em>Les \u00e9curies (excusez ce floutage pas tr\u00e8s jojo !)<\/em><\/p>\n<p><a href=\"https:\/\/www.au-pays-des-merveilles.com\/blog\/wp-content\/uploads\/2011\/06\/20.jpg\"><img loading=\"lazy\" decoding=\"async\" style=\"background-image: none; margin: 15px 0px; padding-left: 0px; padding-right: 0px; display: inline; padding-top: 0px; border: 0px;\" title=\"20\" src=\"https:\/\/www.au-pays-des-merveilles.com\/blog\/wp-content\/uploads\/2011\/06\/20_thumb.jpg\" alt=\"20\" width=\"364\" height=\"544\" border=\"0\" \/><\/a> <a href=\"https:\/\/www.au-pays-des-merveilles.com\/blog\/wp-content\/uploads\/2011\/06\/21.jpg\"><img loading=\"lazy\" decoding=\"async\" style=\"background-image: none; margin: 15px 0px; padding-left: 0px; padding-right: 0px; display: inline; padding-top: 0px; border: 0px;\" title=\"21\" src=\"https:\/\/www.au-pays-des-merveilles.com\/blog\/wp-content\/uploads\/2011\/06\/21_thumb.jpg\" alt=\"21\" width=\"364\" height=\"544\" border=\"0\" \/><\/a><\/p>\n<p style=\"text-align: center;\"><em>Les villages et le tableau de passages des com\u00e9diens pour un seul groupe (vous imaginez l\u2019organisation de fou !)<\/em><\/p>\n<p><a href=\"https:\/\/www.au-pays-des-merveilles.com\/blog\/wp-content\/uploads\/2011\/06\/22.jpg\"><img loading=\"lazy\" decoding=\"async\" style=\"background-image: none; margin: 15px 0px; padding-left: 0px; padding-right: 0px; display: inline; padding-top: 0px; border: 0px;\" title=\"22\" src=\"https:\/\/www.au-pays-des-merveilles.com\/blog\/wp-content\/uploads\/2011\/06\/22_thumb.jpg\" alt=\"22\" width=\"364\" height=\"544\" border=\"0\" \/><\/a> <a href=\"https:\/\/www.au-pays-des-merveilles.com\/blog\/wp-content\/uploads\/2011\/06\/23.jpg\"><img loading=\"lazy\" decoding=\"async\" style=\"background-image: none; margin: 15px 0px; padding-left: 0px; padding-right: 0px; display: inline; padding-top: 0px; border: 0px;\" title=\"23\" src=\"https:\/\/www.au-pays-des-merveilles.com\/blog\/wp-content\/uploads\/2011\/06\/23_thumb.jpg\" alt=\"23\" width=\"364\" height=\"544\" border=\"0\" \/><\/a><\/p>\n<p style=\"text-align: center;\"><em>Les costumes et accessoires<\/em><\/p>\n<p style=\"text-align: justify;\">La visite guid\u00e9e termin\u00e9e, il faut vite se placer dans le public afin d\u2019admirer ce magnifique spectacle. Et quand on sait toute l\u2019organisation et le travail que g\u00e9n\u00e8rent une telle repr\u00e9sentation, je peux vous dire que vous \u00eates encore plus \u00e9poustoufl\u00e9 !<\/p>\n<p><a href=\"https:\/\/www.au-pays-des-merveilles.com\/blog\/wp-content\/uploads\/2011\/06\/55.jpg\"><img loading=\"lazy\" decoding=\"async\" style=\"background-image: none; margin: 15px auto; padding-left: 0px; padding-right: 0px; display: block; float: none; padding-top: 0px; border: 0px;\" title=\"55\" src=\"https:\/\/www.au-pays-des-merveilles.com\/blog\/wp-content\/uploads\/2011\/06\/55_thumb.jpg\" alt=\"55\" width=\"754\" height=\"566\" border=\"0\" \/><\/a><\/p>\n<p><a href=\"https:\/\/www.au-pays-des-merveilles.com\/blog\/wp-content\/uploads\/2011\/06\/74.jpg\"><img loading=\"lazy\" decoding=\"async\" style=\"background-image: none; margin: 15px auto; padding-left: 0px; padding-right: 0px; display: block; float: none; padding-top: 0px; border: 0px;\" title=\"74\" src=\"https:\/\/www.au-pays-des-merveilles.com\/blog\/wp-content\/uploads\/2011\/06\/74_thumb.jpg\" alt=\"74\" width=\"754\" height=\"566\" border=\"0\" \/><\/a><\/p>\n<p><a href=\"https:\/\/www.au-pays-des-merveilles.com\/blog\/wp-content\/uploads\/2011\/06\/56.jpg\"><img loading=\"lazy\" decoding=\"async\" style=\"background-image: none; margin: 15px auto; padding-left: 0px; padding-right: 0px; display: block; float: none; padding-top: 0px; border: 0px;\" title=\"56\" src=\"https:\/\/www.au-pays-des-merveilles.com\/blog\/wp-content\/uploads\/2011\/06\/56_thumb.jpg\" alt=\"56\" width=\"754\" height=\"566\" border=\"0\" \/><\/a><\/p>\n<p style=\"text-align: justify;\">Grandiose !<\/p>\n<p style=\"text-align: justify;\">Il est tard, nous nous dirigeons vers notre h\u00f4tel dans la Cit\u00e9 Nocturne. Ici c\u2019est pareil, tout est fait pour nous mettre dans l\u2019ambiance. Ce soir l\u00e0, nous avons pass\u00e9 la nuit dans la Rome Antique, dans une des chambres de la <a rel=\"nofollow noopener\" href=\"http:\/\/www.puydufou.com\/presse#\/la-villa-gallo-romaine\/\" target=\"_blank\" class=\"broken_link\">Villa Gallo-Romaine<\/a>. C\u2019est sublime !<\/p>\n<p><a href=\"https:\/\/www.au-pays-des-merveilles.com\/blog\/wp-content\/uploads\/2011\/06\/25.jpg\"><img loading=\"lazy\" decoding=\"async\" style=\"background-image: none; margin: 15px auto; padding-left: 0px; padding-right: 0px; display: block; float: none; padding-top: 0px; border: 0px;\" title=\"2\" src=\"https:\/\/www.au-pays-des-merveilles.com\/blog\/wp-content\/uploads\/2011\/06\/2_thumb1.jpg\" alt=\"2\" width=\"754\" height=\"504\" border=\"0\" \/><\/a><\/p>\n<p><a href=\"https:\/\/www.au-pays-des-merveilles.com\/blog\/wp-content\/uploads\/2011\/06\/12.jpg\"><img loading=\"lazy\" decoding=\"async\" style=\"background-image: none; margin: 15px auto; padding-left: 0px; padding-right: 0px; display: block; float: none; padding-top: 0px; border: 0px;\" title=\"1\" src=\"https:\/\/www.au-pays-des-merveilles.com\/blog\/wp-content\/uploads\/2011\/06\/1_thumb1.jpg\" alt=\"1\" width=\"754\" height=\"504\" border=\"0\" \/><\/a><\/p>\n<p><a href=\"https:\/\/www.au-pays-des-merveilles.com\/blog\/wp-content\/uploads\/2011\/06\/14.jpg\"><img loading=\"lazy\" decoding=\"async\" style=\"background-image: none; margin: 15px auto; padding-left: 0px; padding-right: 0px; display: block; float: none; padding-top: 0px; border: 0px;\" title=\"14\" src=\"https:\/\/www.au-pays-des-merveilles.com\/blog\/wp-content\/uploads\/2011\/06\/14_thumb.jpg\" alt=\"14\" width=\"754\" height=\"504\" border=\"0\" \/><\/a><\/p>\n<p style=\"text-align: justify;\">Vous avez aussi la possibilit\u00e9 de r\u00e9server dans un des deux autres h\u00f4tels du parc comme <a rel=\"nofollow noopener\" href=\"http:\/\/www.puydufou.com\/presse#\/le-logis-de-lescure\/\" target=\"_blank\" class=\"broken_link\">le Logis de Lescure<\/a> qui offre 4 suites en duplex, 4 \u00e9toiles. Ou bien tentez <a rel=\"nofollow noopener\" href=\"http:\/\/www.puydufou.com\/presse#\/les-iles-de-clovis\/\" target=\"_blank\" class=\"broken_link\">les \u00eeles de Clovis<\/a> qui m\u2019ont s\u00e9duite ! La prochaine fois, je r\u00e9serve une hutte !<\/p>\n<p><a href=\"https:\/\/www.au-pays-des-merveilles.com\/blog\/wp-content\/uploads\/2011\/06\/711.jpg\"><img loading=\"lazy\" decoding=\"async\" style=\"background-image: none; margin: 15px auto; padding-left: 0px; padding-right: 0px; display: block; float: none; padding-top: 0px; border: 0px;\" title=\"71\" src=\"https:\/\/www.au-pays-des-merveilles.com\/blog\/wp-content\/uploads\/2011\/06\/71_thumb.jpg\" alt=\"71\" width=\"754\" height=\"566\" border=\"0\" \/><\/a><\/p>\n<p><a href=\"https:\/\/www.au-pays-des-merveilles.com\/blog\/wp-content\/uploads\/2011\/06\/72.jpg\"><img loading=\"lazy\" decoding=\"async\" style=\"background-image: none; margin: 15px 0px; padding-left: 0px; padding-right: 0px; display: inline; padding-top: 0px; border: 0px;\" title=\"72\" src=\"https:\/\/www.au-pays-des-merveilles.com\/blog\/wp-content\/uploads\/2011\/06\/72_thumb.jpg\" alt=\"72\" width=\"364\" height=\"274\" border=\"0\" \/><\/a> <a href=\"https:\/\/www.au-pays-des-merveilles.com\/blog\/wp-content\/uploads\/2011\/06\/73.jpg\"><img loading=\"lazy\" decoding=\"async\" style=\"background-image: none; margin: 15px 0px; padding-left: 0px; padding-right: 0px; display: inline; padding-top: 0px; border: 0px;\" title=\"73\" src=\"https:\/\/www.au-pays-des-merveilles.com\/blog\/wp-content\/uploads\/2011\/06\/73_thumb.jpg\" alt=\"73\" width=\"364\" height=\"274\" border=\"0\" \/><\/a><\/p>\n<p style=\"text-align: justify;\">Joli non ? Vous pourrez vous restaurer dans un des 25 points de restauration : sandwichs, go\u00fbters, diner spectacle, cuisine traditionnelle, ou buffets \u00e0 volont\u00e9 \u2026 il y en a pour tous les go\u00fbts et toutes les \u00e9poques !<\/p>\n<p style=\"text-align: justify;\"><a href=\"https:\/\/www.au-pays-des-merveilles.com\/blog\/wp-content\/uploads\/2011\/06\/57.jpg\"><img loading=\"lazy\" decoding=\"async\" style=\"background-image: none; margin: 15px 0px; padding-left: 0px; padding-right: 0px; display: inline; padding-top: 0px; border: 0px;\" title=\"57\" src=\"https:\/\/www.au-pays-des-merveilles.com\/blog\/wp-content\/uploads\/2011\/06\/57_thumb.jpg\" alt=\"57\" width=\"184\" height=\"244\" border=\"0\" \/><\/a> <a href=\"https:\/\/www.au-pays-des-merveilles.com\/blog\/wp-content\/uploads\/2011\/06\/58.jpg\"><img loading=\"lazy\" decoding=\"async\" style=\"background-image: none; margin: 15px 0px; padding-left: 0px; padding-right: 0px; display: inline; padding-top: 0px; border: 0px;\" title=\"58\" src=\"https:\/\/www.au-pays-des-merveilles.com\/blog\/wp-content\/uploads\/2011\/06\/58_thumb.jpg\" alt=\"58\" width=\"184\" height=\"244\" border=\"0\" \/><\/a> <a href=\"https:\/\/www.au-pays-des-merveilles.com\/blog\/wp-content\/uploads\/2011\/06\/59.jpg\"><img loading=\"lazy\" decoding=\"async\" style=\"background-image: none; margin: 15px 0px; padding-left: 0px; padding-right: 0px; display: inline; padding-top: 0px; border: 0px;\" title=\"59\" src=\"https:\/\/www.au-pays-des-merveilles.com\/blog\/wp-content\/uploads\/2011\/06\/59_thumb.jpg\" alt=\"59\" width=\"184\" height=\"244\" border=\"0\" \/><\/a> <a href=\"https:\/\/www.au-pays-des-merveilles.com\/blog\/wp-content\/uploads\/2011\/06\/60.jpg\"><img loading=\"lazy\" decoding=\"async\" style=\"background-image: none; margin: 15px 0px; padding-left: 0px; padding-right: 0px; display: inline; padding-top: 0px; border: 0px;\" title=\"60\" src=\"https:\/\/www.au-pays-des-merveilles.com\/blog\/wp-content\/uploads\/2011\/06\/60_thumb.jpg\" alt=\"60\" width=\"184\" height=\"244\" border=\"0\" \/><\/a><\/p>\n<p style=\"text-align: justify;\">De toute fa\u00e7on, tout est fait pour mettre le visiteur en immersion notamment dans les villages d\u2019\u00e9poque ! Le Fort de l\u2019An Mil ou le pont-levis de la <a rel=\"nofollow noopener\" href=\"http:\/\/www.puydufou.com\/presse#\/la-cite-medievale\/\" target=\"_blank\" class=\"broken_link\">Cit\u00e9 M\u00e9di\u00e9vale<\/a> sont bien r\u00e9els.<\/p>\n<p><a href=\"https:\/\/www.au-pays-des-merveilles.com\/blog\/wp-content\/uploads\/2011\/06\/46.jpg\"><img loading=\"lazy\" decoding=\"async\" style=\"background-image: none; margin: 15px auto; padding-left: 0px; padding-right: 0px; display: block; float: none; padding-top: 0px; border: 0px;\" title=\"46\" src=\"https:\/\/www.au-pays-des-merveilles.com\/blog\/wp-content\/uploads\/2011\/06\/46_thumb.jpg\" alt=\"46\" width=\"754\" height=\"504\" border=\"0\" \/><\/a><\/p>\n<p><a href=\"https:\/\/www.au-pays-des-merveilles.com\/blog\/wp-content\/uploads\/2011\/06\/42.jpg\"><img loading=\"lazy\" decoding=\"async\" style=\"background-image: none; margin: 15px 0px; padding-left: 0px; padding-right: 0px; display: inline; padding-top: 0px; border: 0px;\" title=\"42\" src=\"https:\/\/www.au-pays-des-merveilles.com\/blog\/wp-content\/uploads\/2011\/06\/42_thumb.jpg\" alt=\"42\" width=\"364\" height=\"544\" border=\"0\" \/><\/a> <a href=\"https:\/\/www.au-pays-des-merveilles.com\/blog\/wp-content\/uploads\/2011\/06\/43.jpg\"><img loading=\"lazy\" decoding=\"async\" style=\"background-image: none; margin: 15px 0px; padding-left: 0px; padding-right: 0px; display: inline; padding-top: 0px; border: 0px;\" title=\"43\" src=\"https:\/\/www.au-pays-des-merveilles.com\/blog\/wp-content\/uploads\/2011\/06\/43_thumb.jpg\" alt=\"43\" width=\"364\" height=\"544\" border=\"0\" \/><\/a><\/p>\n<p><a href=\"https:\/\/www.au-pays-des-merveilles.com\/blog\/wp-content\/uploads\/2011\/06\/44.jpg\"><img loading=\"lazy\" decoding=\"async\" style=\"background-image: none; margin: 15px 0px; padding-left: 0px; padding-right: 0px; display: inline; padding-top: 0px; border: 0px;\" title=\"44\" src=\"https:\/\/www.au-pays-des-merveilles.com\/blog\/wp-content\/uploads\/2011\/06\/44_thumb.jpg\" alt=\"44\" width=\"364\" height=\"544\" border=\"0\" \/><\/a> <a href=\"https:\/\/www.au-pays-des-merveilles.com\/blog\/wp-content\/uploads\/2011\/06\/45.jpg\"><img loading=\"lazy\" decoding=\"async\" style=\"background-image: none; margin: 15px 0px; padding-left: 0px; padding-right: 0px; display: inline; padding-top: 0px; border: 0px;\" title=\"45\" src=\"https:\/\/www.au-pays-des-merveilles.com\/blog\/wp-content\/uploads\/2011\/06\/45_thumb.jpg\" alt=\"45\" width=\"364\" height=\"544\" border=\"0\" \/><\/a><\/p>\n<p><a href=\"https:\/\/www.au-pays-des-merveilles.com\/blog\/wp-content\/uploads\/2011\/06\/33.jpg\"><img loading=\"lazy\" decoding=\"async\" style=\"background-image: none; margin: 15px auto; padding-left: 0px; padding-right: 0px; display: block; float: none; padding-top: 0px; border: 0px;\" title=\"33\" src=\"https:\/\/www.au-pays-des-merveilles.com\/blog\/wp-content\/uploads\/2011\/06\/33_thumb.jpg\" alt=\"33\" width=\"754\" height=\"504\" border=\"0\" \/><\/a><\/p>\n<p>On peut rencontrer des artisans d\u2019art (enlumineurs, sculpteurs, herboristes, \u2026) qui travaillent devant nous, dans leur petite \u00e9choppe, avec les outils d\u2019autrefois.<\/p>\n<p><a href=\"https:\/\/www.au-pays-des-merveilles.com\/blog\/wp-content\/uploads\/2011\/06\/32.jpg\"><img loading=\"lazy\" decoding=\"async\" style=\"background-image: none; margin: 15px 0px; padding-left: 0px; padding-right: 0px; display: inline; padding-top: 0px; border: 0px;\" title=\"32\" src=\"https:\/\/www.au-pays-des-merveilles.com\/blog\/wp-content\/uploads\/2011\/06\/32_thumb.jpg\" alt=\"32\" width=\"364\" height=\"544\" border=\"0\" \/><\/a> <a href=\"https:\/\/www.au-pays-des-merveilles.com\/blog\/wp-content\/uploads\/2011\/06\/34.jpg\"><img loading=\"lazy\" decoding=\"async\" style=\"background-image: none; margin: 15px 0px; padding-left: 0px; padding-right: 0px; display: inline; padding-top: 0px; border: 0px;\" title=\"34\" src=\"https:\/\/www.au-pays-des-merveilles.com\/blog\/wp-content\/uploads\/2011\/06\/34_thumb.jpg\" alt=\"34\" width=\"364\" height=\"544\" border=\"0\" \/><\/a><\/p>\n<p><a href=\"https:\/\/www.au-pays-des-merveilles.com\/blog\/wp-content\/uploads\/2011\/06\/39.jpg\"><img loading=\"lazy\" decoding=\"async\" style=\"background-image: none; margin: 15px 0px; padding-left: 0px; padding-right: 0px; display: inline; padding-top: 0px; border: 0px;\" title=\"39\" src=\"https:\/\/www.au-pays-des-merveilles.com\/blog\/wp-content\/uploads\/2011\/06\/39_thumb.jpg\" alt=\"39\" width=\"364\" height=\"544\" border=\"0\" \/><\/a> <a href=\"https:\/\/www.au-pays-des-merveilles.com\/blog\/wp-content\/uploads\/2011\/06\/311.jpg\"><img loading=\"lazy\" decoding=\"async\" style=\"background-image: none; margin: 15px 0px; padding-left: 0px; padding-right: 0px; display: inline; padding-top: 0px; border: 0px;\" title=\"31\" src=\"https:\/\/www.au-pays-des-merveilles.com\/blog\/wp-content\/uploads\/2011\/06\/31_thumb.jpg\" alt=\"31\" width=\"364\" height=\"544\" border=\"0\" \/><\/a><\/p>\n<p><a href=\"https:\/\/www.au-pays-des-merveilles.com\/blog\/wp-content\/uploads\/2011\/06\/29.jpg\"><img loading=\"lazy\" decoding=\"async\" style=\"background-image: none; margin: 15px auto; padding-left: 0px; padding-right: 0px; display: block; float: none; padding-top: 0px; border: 0px;\" title=\"29\" src=\"https:\/\/www.au-pays-des-merveilles.com\/blog\/wp-content\/uploads\/2011\/06\/29_thumb.jpg\" alt=\"29\" width=\"754\" height=\"504\" border=\"0\" \/><\/a><\/p>\n<p><a href=\"https:\/\/www.au-pays-des-merveilles.com\/blog\/wp-content\/uploads\/2011\/06\/30.jpg\"><img loading=\"lazy\" decoding=\"async\" style=\"background-image: none; margin: 15px auto; padding-left: 0px; padding-right: 0px; display: block; float: none; padding-top: 0px; border: 0px;\" title=\"30\" src=\"https:\/\/www.au-pays-des-merveilles.com\/blog\/wp-content\/uploads\/2011\/06\/30_thumb.jpg\" alt=\"30\" width=\"754\" height=\"504\" border=\"0\" \/><\/a><\/p>\n<p><a href=\"https:\/\/www.au-pays-des-merveilles.com\/blog\/wp-content\/uploads\/2011\/06\/38.jpg\"><img loading=\"lazy\" decoding=\"async\" style=\"background-image: none; margin: 15px auto; padding-left: 0px; padding-right: 0px; display: block; float: none; padding-top: 0px; border: 0px;\" title=\"38\" src=\"https:\/\/www.au-pays-des-merveilles.com\/blog\/wp-content\/uploads\/2011\/06\/38_thumb.jpg\" alt=\"38\" width=\"754\" height=\"504\" border=\"0\" \/><\/a><\/p>\n<p>La nature est omnipr\u00e9sente et nous accompagne tout au long de la visite. J\u2019en ai pris plein les yeux ! Je r\u00eave d\u2019une Roseraie telle que la leur dans mon futur jardin !<\/p>\n<p><a href=\"https:\/\/www.au-pays-des-merveilles.com\/blog\/wp-content\/uploads\/2011\/06\/49.jpg\"><img loading=\"lazy\" decoding=\"async\" style=\"background-image: none; margin: 15px auto; padding-left: 0px; padding-right: 0px; display: block; float: none; padding-top: 0px; border: 0px;\" title=\"49\" src=\"https:\/\/www.au-pays-des-merveilles.com\/blog\/wp-content\/uploads\/2011\/06\/49_thumb.jpg\" alt=\"49\" width=\"754\" height=\"504\" border=\"0\" \/><\/a><\/p>\n<p><a href=\"https:\/\/www.au-pays-des-merveilles.com\/blog\/wp-content\/uploads\/2011\/06\/52.jpg\"><img loading=\"lazy\" decoding=\"async\" style=\"background-image: none; margin: 15px 0px; padding-left: 0px; padding-right: 0px; display: inline; padding-top: 0px; border: 0px;\" title=\"52\" src=\"https:\/\/www.au-pays-des-merveilles.com\/blog\/wp-content\/uploads\/2011\/06\/52_thumb.jpg\" alt=\"52\" width=\"364\" height=\"544\" border=\"0\" \/><\/a> <a href=\"https:\/\/www.au-pays-des-merveilles.com\/blog\/wp-content\/uploads\/2011\/06\/53.jpg\"><img loading=\"lazy\" decoding=\"async\" style=\"background-image: none; margin: 15px 0px; padding-left: 0px; padding-right: 0px; display: inline; padding-top: 0px; border: 0px;\" title=\"53\" src=\"https:\/\/www.au-pays-des-merveilles.com\/blog\/wp-content\/uploads\/2011\/06\/53_thumb.jpg\" alt=\"53\" width=\"364\" height=\"544\" border=\"0\" \/><\/a><\/p>\n<p><a href=\"https:\/\/www.au-pays-des-merveilles.com\/blog\/wp-content\/uploads\/2011\/06\/36.jpg\"><img loading=\"lazy\" decoding=\"async\" style=\"background-image: none; margin: 15px 0px; padding-left: 0px; padding-right: 0px; display: inline; padding-top: 0px; border: 0px;\" title=\"36\" src=\"https:\/\/www.au-pays-des-merveilles.com\/blog\/wp-content\/uploads\/2011\/06\/36_thumb.jpg\" alt=\"36\" width=\"364\" height=\"544\" border=\"0\" \/><\/a> <a href=\"https:\/\/www.au-pays-des-merveilles.com\/blog\/wp-content\/uploads\/2011\/06\/35.jpg\"><img loading=\"lazy\" decoding=\"async\" style=\"background-image: none; margin: 15px 0px; padding-left: 0px; padding-right: 0px; display: inline; padding-top: 0px; border: 0px;\" title=\"35\" src=\"https:\/\/www.au-pays-des-merveilles.com\/blog\/wp-content\/uploads\/2011\/06\/35_thumb.jpg\" alt=\"35\" width=\"364\" height=\"544\" border=\"0\" \/><\/a><\/p>\n<p><a href=\"https:\/\/www.au-pays-des-merveilles.com\/blog\/wp-content\/uploads\/2011\/06\/54.jpg\"><img loading=\"lazy\" decoding=\"async\" style=\"background-image: none; margin: 15px auto; padding-left: 0px; padding-right: 0px; display: block; float: none; padding-top: 0px; border: 0px;\" title=\"54\" src=\"https:\/\/www.au-pays-des-merveilles.com\/blog\/wp-content\/uploads\/2011\/06\/54_thumb.jpg\" alt=\"54\" width=\"754\" height=\"504\" border=\"0\" \/><\/a><\/p>\n<p><a href=\"https:\/\/www.au-pays-des-merveilles.com\/blog\/wp-content\/uploads\/2011\/06\/28.jpg\"><img loading=\"lazy\" decoding=\"async\" style=\"background-image: none; margin: 15px auto; padding-left: 0px; padding-right: 0px; display: block; float: none; padding-top: 0px; border: 0px;\" title=\"28\" src=\"https:\/\/www.au-pays-des-merveilles.com\/blog\/wp-content\/uploads\/2011\/06\/28_thumb.jpg\" alt=\"28\" width=\"754\" height=\"504\" border=\"0\" \/><\/a><\/p>\n<p>Apr\u00e8s ces explosions de couleurs, il nous faut reprendre le chemin du retour. On en profite pour repasser par le <a rel=\"nofollow noopener\" href=\"http:\/\/www.puydufou.com\/presse#\/le-bourg-1900\/\" target=\"_blank\" class=\"broken_link\">bourg 1900<\/a> et passer par les jolies petites boutiques du village.<\/p>\n<p><a href=\"https:\/\/www.au-pays-des-merveilles.com\/blog\/wp-content\/uploads\/2011\/06\/64.jpg\"><img loading=\"lazy\" decoding=\"async\" style=\"background-image: none; margin: 15px auto; padding-left: 0px; padding-right: 0px; display: block; float: none; padding-top: 0px; border: 0px;\" title=\"64\" src=\"https:\/\/www.au-pays-des-merveilles.com\/blog\/wp-content\/uploads\/2011\/06\/64_thumb.jpg\" alt=\"64\" width=\"754\" height=\"566\" border=\"0\" \/><\/a><\/p>\n<p><a href=\"https:\/\/www.au-pays-des-merveilles.com\/blog\/wp-content\/uploads\/2011\/06\/62.jpg\"><img loading=\"lazy\" decoding=\"async\" style=\"background-image: none; margin: 15px 0px; padding-left: 0px; padding-right: 0px; display: inline; padding-top: 0px; border: 0px;\" title=\"62\" src=\"https:\/\/www.au-pays-des-merveilles.com\/blog\/wp-content\/uploads\/2011\/06\/62_thumb.jpg\" alt=\"62\" width=\"364\" height=\"484\" border=\"0\" \/><\/a> <a href=\"https:\/\/www.au-pays-des-merveilles.com\/blog\/wp-content\/uploads\/2011\/06\/63.jpg\"><img loading=\"lazy\" decoding=\"async\" style=\"background-image: none; margin: 15px 0px; padding-left: 0px; padding-right: 0px; display: inline; padding-top: 0px; border: 0px;\" title=\"63\" src=\"https:\/\/www.au-pays-des-merveilles.com\/blog\/wp-content\/uploads\/2011\/06\/63_thumb.jpg\" alt=\"63\" width=\"364\" height=\"484\" border=\"0\" \/><\/a><\/p>\n<p><a href=\"https:\/\/www.au-pays-des-merveilles.com\/blog\/wp-content\/uploads\/2011\/06\/66.jpg\"><img loading=\"lazy\" decoding=\"async\" style=\"background-image: none; margin: 15px 0px; padding-left: 0px; padding-right: 0px; display: inline; padding-top: 0px; border: 0px;\" title=\"66\" src=\"https:\/\/www.au-pays-des-merveilles.com\/blog\/wp-content\/uploads\/2011\/06\/66_thumb.jpg\" alt=\"66\" width=\"364\" height=\"484\" border=\"0\" \/><\/a> <a href=\"https:\/\/www.au-pays-des-merveilles.com\/blog\/wp-content\/uploads\/2011\/06\/611.jpg\"><img loading=\"lazy\" decoding=\"async\" style=\"background-image: none; margin: 15px 0px; padding-left: 0px; padding-right: 0px; display: inline; padding-top: 0px; border: 0px;\" title=\"61\" src=\"https:\/\/www.au-pays-des-merveilles.com\/blog\/wp-content\/uploads\/2011\/06\/61_thumb.jpg\" alt=\"61\" width=\"364\" height=\"484\" border=\"0\" \/><\/a><\/p>\n<p><a href=\"https:\/\/www.au-pays-des-merveilles.com\/blog\/wp-content\/uploads\/2011\/06\/68.jpg\"><img loading=\"lazy\" decoding=\"async\" style=\"background-image: none; margin: 15px auto; padding-left: 0px; padding-right: 0px; display: block; float: none; padding-top: 0px; border: 0px;\" title=\"68\" src=\"https:\/\/www.au-pays-des-merveilles.com\/blog\/wp-content\/uploads\/2011\/06\/68_thumb.jpg\" alt=\"68\" width=\"754\" height=\"566\" border=\"0\" \/><\/a><\/p>\n<p style=\"text-align: justify;\">Concernant <strong>les tarifs<\/strong>, pour 1 journ\u00e9e pour le Grand Parc, le billet enfant 5-13 ans est \u00e0 18 \u20ac, pour les adultes c\u2019est 27 \u20ac. Il y a des offres s\u00e9jour parc + h\u00f4tel \u00e0 partir de 48 \u20ac par personne. Je vous conseille de prendre le pass \u00e9motion qui pour 3 euros de plus, vous permettra de b\u00e9n\u00e9ficier d\u2019un traitement VIP et notamment d\u2019\u00eatre bien plac\u00e9 jusqu\u2019\u00e0 10 minutes avant le d\u00e9but du spectacle.<\/p>\n<p style=\"text-align: justify;\">Pour <strong>le transport<\/strong>, nous avons pris le train de Paris jusqu\u2019\u00e0 Angers et une navette vous attend \u00e0 la gare pour vous emmener jusqu\u2019au parc pour 18 \u20ac l\u2019AR.\u00a0 Ce service est valable uniquement sur r\u00e9servation.<\/p>\n<p style=\"text-align: justify;\"><strong>Un conseil<\/strong> : n\u2019oubliez pas casquettes, chapeaux, cr\u00e8me solaire et lunettes \u2026 mais aussi le parapluie !\u00a0 car la majorit\u00e9 des spectacles sont en ext\u00e9rieur. <em>Je n\u2019ose imaginer ce que \u00e7a doit \u00eatre l\u2019\u00e9t\u00e9 s\u2019il fait 40\u00b0, alors que nous, nous avons eu pas mal de pluie sur une journ\u00e9e !<\/em> Et pour le soir, emmenez votre petite laine parce qu\u2019il ne fait pas chaud chaud en Vend\u00e9e en soir\u00e9e !<\/p>\n<p style=\"text-align: justify;\"><strong>+ d\u2019infos<\/strong> sur le site.<\/p>\n<p style=\"text-align: right;\"><em>Un \u00e9norme MERCI \u00e0 toute l\u2019\u00e9quipe du Puy du Fou pour ce tr\u00e8s joli week-end hors du temps !<\/em><\/p>\n<p><a href=\"https:\/\/www.au-pays-des-merveilles.com\/blog\/wp-content\/uploads\/2011\/06\/fleurs.jpg\"><img loading=\"lazy\" decoding=\"async\" style=\"background-image: none; margin: 15px auto; padding-left: 0px; padding-right: 0px; display: block; float: none; padding-top: 0px; border: 0px;\" title=\"fleurs\" src=\"https:\/\/www.au-pays-des-merveilles.com\/blog\/wp-content\/uploads\/2011\/06\/fleurs_thumb.jpg\" alt=\"fleurs\" width=\"754\" height=\"504\" border=\"0\" \/><\/a><\/p>\n","protected":false},"excerpt":{"rendered":"<p>Il y a un peu plus d\u2019une semaine, j\u2019ai \u00e9t\u00e9 propuls\u00e9e, le temps d\u2019un week-end, chez les romains, les vikings, ou encore les chevaliers \u2026 J\u2019ai travers\u00e9 les si\u00e8cles dans un tourbillon de spectacles et d\u2019animations. Quel est ce pays magique ? une destination atypique : le Puy du Fou. A seulement 3 heures de<\/p>\n","protected":false},"author":1,"featured_media":0,"comment_status":"open","ping_status":"open","sticky":false,"template":"","format":"standard","meta":{"footnotes":""},"categories":[20,9],"tags":[629,630,1429,56],"class_list":["post-9711","post","type-post","status-publish","format-standard","hentry","category-buzz","category-sorties-loisirs-distractions","tag-le-puy-du-fou","tag-parc-de-loisirs","tag-voyage","tag-week-end"],"_links":{"self":[{"href":"https:\/\/www.au-pays-des-merveilles.com\/blog\/wp-json\/wp\/v2\/posts\/9711","targetHints":{"allow":["GET"]}}],"collection":[{"href":"https:\/\/www.au-pays-des-merveilles.com\/blog\/wp-json\/wp\/v2\/posts"}],"about":[{"href":"https:\/\/www.au-pays-des-merveilles.com\/blog\/wp-json\/wp\/v2\/types\/post"}],"author":[{"embeddable":true,"href":"https:\/\/www.au-pays-des-merveilles.com\/blog\/wp-json\/wp\/v2\/users\/1"}],"replies":[{"embeddable":true,"href":"https:\/\/www.au-pays-des-merveilles.com\/blog\/wp-json\/wp\/v2\/comments?post=9711"}],"version-history":[{"count":0,"href":"https:\/\/www.au-pays-des-merveilles.com\/blog\/wp-json\/wp\/v2\/posts\/9711\/revisions"}],"wp:attachment":[{"href":"https:\/\/www.au-pays-des-merveilles.com\/blog\/wp-json\/wp\/v2\/media?parent=9711"}],"wp:term":[{"taxonomy":"category","embeddable":true,"href":"https:\/\/www.au-pays-des-merveilles.com\/blog\/wp-json\/wp\/v2\/categories?post=9711"},{"taxonomy":"post_tag","embeddable":true,"href":"https:\/\/www.au-pays-des-merveilles.com\/blog\/wp-json\/wp\/v2\/tags?post=9711"}],"curies":[{"name":"wp","href":"https:\/\/api.w.org\/{rel}","templated":true}]}}