{"id":9865,"date":"2011-06-27T07:48:30","date_gmt":"2011-06-27T05:48:30","guid":{"rendered":"http:\/\/www.au-pays-des-merveilles.com\/blog\/?p=9865"},"modified":"2019-03-22T17:17:21","modified_gmt":"2019-03-22T15:17:21","slug":"soldes-ete-halles-aux-chaussures","status":"publish","type":"post","link":"https:\/\/www.au-pays-des-merveilles.com\/blog\/2011\/06\/27\/soldes-ete-halles-aux-chaussures\/","title":{"rendered":"{Bon plan} Des chaussures \u00e0 moiti\u00e9 prix !"},"content":{"rendered":"<p style=\"text-align: justify;\">Youhou ! Est ce que vous vous rendez compte qu\u2019\u00e0 la fin de la semaine nous serons d\u00e9j\u00e0 en juillet ? Moi j\u2019ai l\u2019impression d\u2019\u00eatre au mois de novembre ! Faut dire qu\u2019avec ce temps on a du mal \u00e0 se mettre dans l\u2019ambiance estivale. Mais s\u2019il y a bien une chose qui me rappelle l\u2019\u00e9t\u00e9, ce sont \u2026 les SOOOOLDES ! Le truc c\u2019est que comme je suis en mode \u201cje fais attention \u00e0 ma ligne\u201d, je vais attendre encore un peu pour les fringues vu que ma taille change (youpi !). En revanche, je peux me l\u00e2cher sur les <a rel=\"nofollow\" href=\"http:\/\/www.lahalleauxchaussures.com\/\" class=\"broken_link\">chaussures<\/a>, \u00e7a \u00e7a ne changera pas, je suis tranquille !<\/p>\n<p><a rel=\"nofollow\" href=\"http:\/\/www.lahalleauxchaussures.com\/\" class=\"broken_link\"><img loading=\"lazy\" decoding=\"async\" style=\"background-image: none; margin: 15px auto; padding-left: 0px; padding-right: 0px; display: block; float: none; padding-top: 0px; border: 0px;\" title=\"halles\" src=\"https:\/\/www.au-pays-des-merveilles.com\/blog\/wp-content\/uploads\/2011\/06\/halles.jpg\" border=\"0\" alt=\"halles\" width=\"544\" height=\"306\" \/><\/a><\/p>\n<p style=\"text-align: justify;\">Et o\u00f9 qu\u2019elles sont les bonnes affaires pour les chaussures et les accessoires ? Sur <a rel=\"nofollow noopener noreferrer\" href=\"http:\/\/www.lahalleauxchaussures.com\/\" target=\"_blank\" class=\"broken_link\">la Halle aux chaussures<\/a> pardi ! De &#8211; 20% \u00e0 &#8211; 50%, il y a de quoi se faire plaisir ! Je vous ai fait ma petite s\u00e9lection, lookez voir :<\/p>\n<p style=\"text-align: justify;\"><a href=\"https:\/\/www.au-pays-des-merveilles.com\/blog\/wp-content\/uploads\/2011\/06\/image9.png\"><img loading=\"lazy\" decoding=\"async\" style=\"background-image: none; margin: 15px auto; padding-left: 0px; padding-right: 0px; display: block; float: none; padding-top: 0px; border: 0px;\" title=\"image\" src=\"https:\/\/www.au-pays-des-merveilles.com\/blog\/wp-content\/uploads\/2011\/06\/image_thumb9.png\" border=\"0\" alt=\"image\" width=\"229\" height=\"240\" \/><\/a><\/p>\n<p>un joli petit sac en toile liberty \u2026 vous ne devinerez jamais le prix ! je vous laisse <a rel=\"nofollow noopener noreferrer\" href=\"http:\/\/www.lahalleauxchaussures.com\/sac-en-toile.html\" target=\"_blank\" class=\"broken_link\">regarder<\/a> tiens ! ^^<\/p>\n<p style=\"text-align: center;\"><a href=\"https:\/\/www.au-pays-des-merveilles.com\/blog\/wp-content\/uploads\/2011\/06\/image10.png\"><img loading=\"lazy\" decoding=\"async\" style=\"background-image: none; padding-left: 0px; padding-right: 0px; display: inline; padding-top: 0px; border: 0px;\" title=\"image\" src=\"https:\/\/www.au-pays-des-merveilles.com\/blog\/wp-content\/uploads\/2011\/06\/image_thumb10.png\" border=\"0\" alt=\"image\" width=\"240\" height=\"227\" \/><\/a> <a href=\"https:\/\/www.au-pays-des-merveilles.com\/blog\/wp-content\/uploads\/2011\/06\/image11.png\"><img loading=\"lazy\" decoding=\"async\" style=\"background-image: none; margin: 15px 0px; padding-left: 0px; padding-right: 0px; display: inline; padding-top: 0px; border: 0px;\" title=\"image\" src=\"https:\/\/www.au-pays-des-merveilles.com\/blog\/wp-content\/uploads\/2011\/06\/image_thumb11.png\" border=\"0\" alt=\"image\" width=\"240\" height=\"228\" \/><\/a><\/p>\n<p>les <a rel=\"nofollow noopener noreferrer\" href=\"http:\/\/www.lahalleauxchaussures.com\/sandales-sable-chaud-36214.html\" target=\"_blank\" class=\"broken_link\">jolies spartiates Sable Chaud<\/a> sont sold\u00e9es \u00e0 \u2013 50% ! dingue ! (quelle couleur ?!)<\/p>\n<p style=\"text-align: center;\"><a href=\"https:\/\/www.au-pays-des-merveilles.com\/blog\/wp-content\/uploads\/2011\/06\/image12.png\"><img loading=\"lazy\" decoding=\"async\" style=\"background-image: none; margin: 15px 0px; padding-left: 0px; padding-right: 0px; display: inline; padding-top: 0px; border: 0px;\" title=\"image\" src=\"https:\/\/www.au-pays-des-merveilles.com\/blog\/wp-content\/uploads\/2011\/06\/image_thumb12.png\" border=\"0\" alt=\"image\" width=\"240\" height=\"226\" \/><\/a> <a href=\"https:\/\/www.au-pays-des-merveilles.com\/blog\/wp-content\/uploads\/2011\/06\/image13.png\"><img loading=\"lazy\" decoding=\"async\" style=\"background-image: none; padding-left: 0px; padding-right: 0px; display: inline; padding-top: 0px; border: 0px;\" title=\"image\" src=\"https:\/\/www.au-pays-des-merveilles.com\/blog\/wp-content\/uploads\/2011\/06\/image_thumb13.png\" border=\"0\" alt=\"image\" width=\"240\" height=\"224\" \/><\/a><\/p>\n<p>des <a rel=\"nofollow noopener noreferrer\" href=\"http:\/\/www.lahalleauxchaussures.com\/sandales-cable-38299.html\" target=\"_blank\" class=\"broken_link\">sandales Cable<\/a> pour le bureau avec un pantalon blanc ou bien des <a rel=\"nofollow noopener noreferrer\" href=\"http:\/\/www.lahalleauxchaussures.com\/sandales-laureana-38025.html\" target=\"_blank\" class=\"broken_link\">compens\u00e9es<\/a> pour ne pas avoir mal aux pieds !<\/p>\n<p><a href=\"https:\/\/www.au-pays-des-merveilles.com\/blog\/wp-content\/uploads\/2011\/06\/image14.png\"><img loading=\"lazy\" decoding=\"async\" style=\"background-image: none; margin: 15px auto; padding-left: 0px; padding-right: 0px; display: block; float: none; padding-top: 0px; border: 0px;\" title=\"image\" src=\"https:\/\/www.au-pays-des-merveilles.com\/blog\/wp-content\/uploads\/2011\/06\/image_thumb14.png\" border=\"0\" alt=\"image\" width=\"240\" height=\"226\" \/><\/a><\/p>\n<p style=\"text-align: justify;\">Au pire on pourra toujours enfiler ses chouettes <a rel=\"nofollow noopener noreferrer\" href=\"http:\/\/www.lahalleauxchaussures.com\/baskets-toile-e-flag-36563.html\" target=\"_blank\" class=\"broken_link\">tennis en toile d\u00e9lav\u00e9es E-Flag<\/a> en rose pour 15,59 \u20ac !<\/p>\n<p style=\"text-align: justify;\">Ah \u00e7a rigole pas les soldes sur la Halle hein ! Et dire qu\u2019il n\u2019y a pas si longtemps j\u2019avais d\u00e9j\u00e0 fait <a href=\"https:\/\/www.au-pays-des-merveilles.com\/blog\/2011\/05\/17\/la-halle-aux-chaussures-cannes-festival\/\" target=\"_blank\" rel=\"noopener noreferrer\">une s\u00e9lection<\/a> qui apparemment est sold\u00e9e elle aussi <em>(cliquez sur les liens vous verrez !!)<\/em> \u2026 moi je dis \u00e7a \u2026<\/p>\n<p style=\"text-align: right;\"><em>(Article sponsoris\u00e9)<\/em><\/p>\n","protected":false},"excerpt":{"rendered":"<p>Youhou ! Est ce que vous vous rendez compte qu\u2019\u00e0 la fin de la semaine nous serons d\u00e9j\u00e0 en juillet ? Moi j\u2019ai l\u2019impression d\u2019\u00eatre au mois de novembre ! Faut dire qu\u2019avec ce temps on a du mal \u00e0 se mettre dans l\u2019ambiance estivale. Mais s\u2019il y a bien une chose qui me rappelle<\/p>\n","protected":false},"author":1,"featured_media":0,"comment_status":"open","ping_status":"open","sticky":false,"template":"","format":"standard","meta":{"footnotes":""},"categories":[20,36],"tags":[185,581,582,641,642],"class_list":["post-9865","post","type-post","status-publish","format-standard","hentry","category-buzz","category-fashion-no-victim","tag-buzz-2","tag-chaussures","tag-la-halle-aux-chaussures","tag-shoes","tag-soldes"],"_links":{"self":[{"href":"https:\/\/www.au-pays-des-merveilles.com\/blog\/wp-json\/wp\/v2\/posts\/9865","targetHints":{"allow":["GET"]}}],"collection":[{"href":"https:\/\/www.au-pays-des-merveilles.com\/blog\/wp-json\/wp\/v2\/posts"}],"about":[{"href":"https:\/\/www.au-pays-des-merveilles.com\/blog\/wp-json\/wp\/v2\/types\/post"}],"author":[{"embeddable":true,"href":"https:\/\/www.au-pays-des-merveilles.com\/blog\/wp-json\/wp\/v2\/users\/1"}],"replies":[{"embeddable":true,"href":"https:\/\/www.au-pays-des-merveilles.com\/blog\/wp-json\/wp\/v2\/comments?post=9865"}],"version-history":[{"count":0,"href":"https:\/\/www.au-pays-des-merveilles.com\/blog\/wp-json\/wp\/v2\/posts\/9865\/revisions"}],"wp:attachment":[{"href":"https:\/\/www.au-pays-des-merveilles.com\/blog\/wp-json\/wp\/v2\/media?parent=9865"}],"wp:term":[{"taxonomy":"category","embeddable":true,"href":"https:\/\/www.au-pays-des-merveilles.com\/blog\/wp-json\/wp\/v2\/categories?post=9865"},{"taxonomy":"post_tag","embeddable":true,"href":"https:\/\/www.au-pays-des-merveilles.com\/blog\/wp-json\/wp\/v2\/tags?post=9865"}],"curies":[{"name":"wp","href":"https:\/\/api.w.org\/{rel}","templated":true}]}}