{"id":9899,"date":"2011-07-01T07:00:50","date_gmt":"2011-07-01T05:00:50","guid":{"rendered":"http:\/\/www.au-pays-des-merveilles.com\/blog\/?p=9899"},"modified":"2019-03-22T17:17:20","modified_gmt":"2019-03-22T15:17:20","slug":"jolies-images-p365-26","status":"publish","type":"post","link":"https:\/\/www.au-pays-des-merveilles.com\/blog\/2011\/07\/01\/jolies-images-p365-26\/","title":{"rendered":"Jolies images {P365} # 26"},"content":{"rendered":"<p style=\"text-align: center;\"><a rel=\"nofollow\" title=\"24.06.2011 (159\/365) by Lespetitsriens, on Flickr\" href=\"http:\/\/www.flickr.com\/photos\/32617522@N07\/5865707363\/\"><img loading=\"lazy\" decoding=\"async\" style=\"margin: 15px auto; display: block; float: none;\" src=\"http:\/\/farm6.static.flickr.com\/5028\/5865707363_695db86072_z.jpg\" alt=\"24.06.2011 (159\/365)\" width=\"427\" height=\"640\" \/><\/a><em>Quand le Japon rencontre les Antilles \u2026^_^ par <strong><a rel=\"nofollow\" href=\"http:\/\/www.flickr.com\/photos\/32617522@N07\/\">Lespetitsriens<\/a><\/strong><\/em><\/p>\n<p style=\"text-align: center;\"><em><strong><br \/>\n<\/strong><\/em><\/p>\n<p style=\"text-align: center;\"><a rel=\"nofollow\" title=\"20.05 L'arbre roux by Thorn_, on Flickr\" href=\"http:\/\/www.flickr.com\/photos\/40146558@N08\/5834929890\/\"><img loading=\"lazy\" decoding=\"async\" style=\"margin: 15px auto; display: block; float: none;\" src=\"http:\/\/farm4.static.flickr.com\/3145\/5834929890_88f748a068_z.jpg\" alt=\"20.05 L'arbre roux\" width=\"438\" height=\"640\" \/><\/a><em>L\u2019arbre roux par <strong><a rel=\"nofollow\" href=\"http:\/\/www.flickr.com\/photos\/40146558@N08\/\">Thorn_<\/a><\/strong><\/em><\/p>\n<p style=\"text-align: center;\"><em><strong><br \/>\n<\/strong><\/em><\/p>\n<p style=\"text-align: center;\"><a rel=\"nofollow\" title=\"176.365 haylee heart by tara on the wander, on Flickr\" href=\"http:\/\/www.flickr.com\/photos\/impossibletask\/5872061712\/\"><img loading=\"lazy\" decoding=\"async\" style=\"margin: 15px auto; display: block; float: none;\" src=\"http:\/\/farm7.static.flickr.com\/6015\/5872061712_5d729a1cf4_z.jpg\" alt=\"176.365 haylee heart\" width=\"600\" height=\"399\" \/><\/a><em>Haylee heart par <strong><a rel=\"nofollow\" href=\"http:\/\/www.flickr.com\/photos\/impossibletask\/\">tara on the wander<\/a><\/strong><\/em><\/p>\n<p style=\"text-align: center;\"><em><strong><br \/>\n<\/strong><\/em><\/p>\n<p style=\"text-align: center;\"><a rel=\"nofollow\" title=\"162\/365 by trilogierusse, on Flickr\" href=\"http:\/\/www.flickr.com\/photos\/trilogierusse\/5867955578\/\"><img loading=\"lazy\" decoding=\"async\" style=\"margin: 15px auto; display: block; float: none;\" src=\"http:\/\/farm6.static.flickr.com\/5273\/5867955578_0360a239ee_z.jpg\" alt=\"162\/365\" width=\"640\" height=\"425\" \/><\/a><em>11 juin par <strong><a rel=\"nofollow\" href=\"http:\/\/www.flickr.com\/photos\/trilogierusse\/\">trilogierusse<\/a><\/strong><\/em><\/p>\n<p style=\"text-align: center;\"><em><strong><br \/>\n<\/strong><\/em><\/p>\n<p style=\"text-align: center;\"><a rel=\"nofollow\" title=\"Etre parent... 365 photos, J175, photo169 by Co &amp; Isa, on Flickr\" href=\"http:\/\/www.flickr.com\/photos\/kokko8\/5869391917\/\"><img loading=\"lazy\" decoding=\"async\" style=\"margin: 15px auto; display: block; float: none;\" src=\"http:\/\/farm4.static.flickr.com\/3053\/5869391917_1648409211_z.jpg\" alt=\"Etre parent... 365 photos, J175, photo169\" width=\"480\" height=\"640\" \/><\/a><em>Etre parent par <strong><a rel=\"nofollow\" href=\"http:\/\/www.flickr.com\/photos\/kokko8\/\">Co &amp; Isa<\/a><\/strong><\/em><\/p>\n<p style=\"text-align: center;\"><em><strong><br \/>\n<\/strong><\/em><\/p>\n<p style=\"text-align: center;\"><strong><em>*******<\/em><\/strong><\/p>\n<p style=\"text-align: center;\"><strong><em><a rel=\"nofollow\" href=\"http:\/\/www.flickr.com\/groups\/2011-en-photos\/\">2011 en photos<\/a><\/em><\/strong><\/p>\n<p style=\"text-align: center;\">Je m\u2019aper\u00e7ois qu\u2019il y a une dominante de vert dans mon choix, c\u2019est rigolo ! Juste un petit mot pour vous dire que j\u2019arr\u00eate l\u00e0 les \u201cJolies Images\u201d jusqu\u2019\u00e0 la rentr\u00e9e. Je prends une petite pause ! En revanche, pas de pause pour les photos hein ?! Je pensais d\u2019ailleurs faire un <strong>summer break<\/strong> sur le blog pendant ces deux mois, comme j\u2019avais fait l\u2019ann\u00e9e derni\u00e8re avec<a href=\"https:\/\/www.au-pays-des-merveilles.com\/blog\/2010\/08\/31\/bouquet-final\/\"> The August Break<\/a>. Le concept : publier des photos r\u00e9guli\u00e8rement sur le blog et ne plus \u00e9crire pendant juillet et ao\u00fbt ! Si vous voulez vous joindre \u00e0 moi, j\u2019en serais ravie !<\/p>\n<p style=\"text-align: center;\"><strong><em>Have a break ! Have a Summer Break !<\/em><\/strong><\/p>\n","protected":false},"excerpt":{"rendered":"<p>Quand le Japon rencontre les Antilles \u2026^_^ par Lespetitsriens L\u2019arbre roux par Thorn_ Haylee heart par tara on the wander 11 juin par trilogierusse Etre parent par Co &amp; Isa ******* 2011 en photos Je m\u2019aper\u00e7ois qu\u2019il y a une dominante de vert dans mon choix, c\u2019est rigolo ! Juste un petit mot pour vous<\/p>\n","protected":false},"author":1,"featured_media":0,"comment_status":"open","ping_status":"open","sticky":false,"template":"","format":"standard","meta":{"footnotes":""},"categories":[353,26],"tags":[352,354,195,645],"class_list":["post-9899","post","type-post","status-publish","format-standard","hentry","category-defi-photo-p365","category-photography","tag-flickr","tag-p365","tag-photo","tag-summer-break"],"_links":{"self":[{"href":"https:\/\/www.au-pays-des-merveilles.com\/blog\/wp-json\/wp\/v2\/posts\/9899","targetHints":{"allow":["GET"]}}],"collection":[{"href":"https:\/\/www.au-pays-des-merveilles.com\/blog\/wp-json\/wp\/v2\/posts"}],"about":[{"href":"https:\/\/www.au-pays-des-merveilles.com\/blog\/wp-json\/wp\/v2\/types\/post"}],"author":[{"embeddable":true,"href":"https:\/\/www.au-pays-des-merveilles.com\/blog\/wp-json\/wp\/v2\/users\/1"}],"replies":[{"embeddable":true,"href":"https:\/\/www.au-pays-des-merveilles.com\/blog\/wp-json\/wp\/v2\/comments?post=9899"}],"version-history":[{"count":0,"href":"https:\/\/www.au-pays-des-merveilles.com\/blog\/wp-json\/wp\/v2\/posts\/9899\/revisions"}],"wp:attachment":[{"href":"https:\/\/www.au-pays-des-merveilles.com\/blog\/wp-json\/wp\/v2\/media?parent=9899"}],"wp:term":[{"taxonomy":"category","embeddable":true,"href":"https:\/\/www.au-pays-des-merveilles.com\/blog\/wp-json\/wp\/v2\/categories?post=9899"},{"taxonomy":"post_tag","embeddable":true,"href":"https:\/\/www.au-pays-des-merveilles.com\/blog\/wp-json\/wp\/v2\/tags?post=9899"}],"curies":[{"name":"wp","href":"https:\/\/api.w.org\/{rel}","templated":true}]}}